{"id":168523,"date":"2024-10-27T19:22:45","date_gmt":"2024-10-27T22:22:45","guid":{"rendered":"https:\/\/corrientesdetarde.com\/?p=168523"},"modified":"2024-10-27T19:22:49","modified_gmt":"2024-10-27T22:22:49","slug":"un-nino-cayo-al-rio-su-amigo-intento-rescatarlo-pero-ambos-murieron-ahogados","status":"publish","type":"post","link":"https:\/\/corrientesdetarde.com\/index.php\/informacion-general\/un-nino-cayo-al-rio-su-amigo-intento-rescatarlo-pero-ambos-murieron-ahogados\/","title":{"rendered":"UN NI\u00d1O CAY\u00d3 AL R\u00cdO, SU AMIGO INTENT\u00d3 RESCATARLO PERO AMBOS MURIERON AHOGADOS."},"content":{"rendered":"\n<h2 class=\"wp-block-heading\">Ocurri\u00f3 el s\u00e1bado por la tarde en Paso de los Libres. Los chicos no pudieron regresar a la orilla. La Prefectura Naval encontr\u00f3 sus cuerpos horas despu\u00e9s.<\/h2>\n\n\n\n<p>Conmoci\u00f3n en la ciudad de\u00a0<strong>Paso de los Libres, Corrientes<\/strong>, por las muertes de\u00a0<strong>un nene de 13 a\u00f1os y un adolescente de 15\u00a0<\/strong>que\u00a0<strong>se\u00a0ahogaron\u00a0en el r\u00edo Uruguay<\/strong>. El m\u00e1s chico se cay\u00f3 al agua y su amigo quiso rescatarlo, pero ambos fueron arrastrados por la corriente.<\/p>\n\n\n\n<p>Ocurri\u00f3 alrededor de las 17.45 del s\u00e1bado, cuando ambos chicos disfrutaban de la tarde en el paseo costanero, sobre calle Coronel L\u00f3pez, un lugar muy frecuentado por vecinos de la zona, pero en el que\u00a0<strong>est\u00e1 prohibido ba\u00f1arse<\/strong>.<\/p>\n\n\n\n<p>La Polic\u00eda de Corrientes inform\u00f3 que uno de los chicos se resbal\u00f3 y cay\u00f3 al r\u00edo. Fue as\u00ed que su amigo<strong>&nbsp;se lanz\u00f3 al agua en un intento desesperado por salvarlo.<\/strong><\/p>\n\n\n\n<p>Sin embargo, los chicos fueron arrastrados por la corriente y no pudieron regresar a la orilla. Horas despu\u00e9s, personal de la Prefectura Naval Argentina encontr\u00f3 los cuerpos y avis\u00f3 a sus familiares.<\/p>\n\n\n\n<p><\/p>\n\n\n\n<figure class=\"wp-block-image size-large\"><img loading=\"lazy\" decoding=\"async\" width=\"1024\" height=\"653\" src=\"https:\/\/corrientesdetarde.com\/wp-content\/uploads\/2024\/10\/image-109-1024x653.png\" alt=\"\" class=\"wp-image-168526\" srcset=\"https:\/\/corrientesdetarde.com\/wp-content\/uploads\/2024\/10\/image-109-1024x653.png 1024w, https:\/\/corrientesdetarde.com\/wp-content\/uploads\/2024\/10\/image-109-300x191.png 300w, https:\/\/corrientesdetarde.com\/wp-content\/uploads\/2024\/10\/image-109-768x490.png 768w, https:\/\/corrientesdetarde.com\/wp-content\/uploads\/2024\/10\/image-109.png 1440w\" sizes=\"auto, (max-width: 1024px) 100vw, 1024px\" \/><\/figure>\n\n\n\n<p>\u201cPedimos a la poblaci\u00f3n extremar las precauciones y no ingresar al agua en&nbsp;<strong>lugares no habilitados o en condiciones de visibilidad adversa<\/strong>, atendiendo siempre a la seguridad personal y de los seres queridos\u201d, indicaron en un comunicado.<\/p>\n\n\n\n<p>Adem\u00e1s, recomendaron a quienes navegan o frecuentan \u00e1reas cercanas al r\u00edo, consultar siempre el pron\u00f3stico meteorol\u00f3gico y evitar exponerse en condiciones clim\u00e1ticas desfavorables.<\/p>\n\n\n\n<p>La tr\u00e1gica muerte de estos dos chicos en Paso de los Libres se suma a otro episodio reciente en la localidad correntina de Esquina, donde dos ni\u00f1os de 10 y 12 a\u00f1os tambi\u00e9n fallecieron ahogados el pasado 5 de octubre en el r\u00edo Corriente. En esa ocasi\u00f3n, los dos hab\u00edan sido rescatados con vida por las autoridades.<\/p>\n\n\n\n<p><\/p>\n","protected":false},"excerpt":{"rendered":"<p>Ocurri\u00f3 el s\u00e1bado por la tarde en Paso de los Libres. Los chicos no pudieron regresar a la orilla. La Prefectura Naval encontr\u00f3 sus cuerpos horas despu\u00e9s. Conmoci\u00f3n en la&hellip; <\/p>\n","protected":false},"author":6,"featured_media":168527,"comment_status":"closed","ping_status":"open","sticky":false,"template":"","format":"standard","meta":{"footnotes":""},"categories":[1],"tags":[],"class_list":["post-168523","post","type-post","status-publish","format-standard","has-post-thumbnail","hentry","category-informacion-general"],"_links":{"self":[{"href":"https:\/\/corrientesdetarde.com\/index.php\/wp-json\/wp\/v2\/posts\/168523","targetHints":{"allow":["GET"]}}],"collection":[{"href":"https:\/\/corrientesdetarde.com\/index.php\/wp-json\/wp\/v2\/posts"}],"about":[{"href":"https:\/\/corrientesdetarde.com\/index.php\/wp-json\/wp\/v2\/types\/post"}],"author":[{"embeddable":true,"href":"https:\/\/corrientesdetarde.com\/index.php\/wp-json\/wp\/v2\/users\/6"}],"replies":[{"embeddable":true,"href":"https:\/\/corrientesdetarde.com\/index.php\/wp-json\/wp\/v2\/comments?post=168523"}],"version-history":[{"count":1,"href":"https:\/\/corrientesdetarde.com\/index.php\/wp-json\/wp\/v2\/posts\/168523\/revisions"}],"predecessor-version":[{"id":168530,"href":"https:\/\/corrientesdetarde.com\/index.php\/wp-json\/wp\/v2\/posts\/168523\/revisions\/168530"}],"wp:featuredmedia":[{"embeddable":true,"href":"https:\/\/corrientesdetarde.com\/index.php\/wp-json\/wp\/v2\/media\/168527"}],"wp:attachment":[{"href":"https:\/\/corrientesdetarde.com\/index.php\/wp-json\/wp\/v2\/media?parent=168523"}],"wp:term":[{"taxonomy":"category","embeddable":true,"href":"https:\/\/corrientesdetarde.com\/index.php\/wp-json\/wp\/v2\/categories?post=168523"},{"taxonomy":"post_tag","embeddable":true,"href":"https:\/\/corrientesdetarde.com\/index.php\/wp-json\/wp\/v2\/tags?post=168523"}],"curies":[{"name":"wp","href":"https:\/\/api.w.org\/{rel}","templated":true}]}}