{"id":168529,"date":"2024-10-27T19:25:35","date_gmt":"2024-10-27T22:25:35","guid":{"rendered":"https:\/\/corrientesdetarde.com\/?p=168529"},"modified":"2024-10-27T19:25:40","modified_gmt":"2024-10-27T22:25:40","slug":"brillante-participacion-de-los-elencos-del-senado-en-la-noche-de-los-museos","status":"publish","type":"post","link":"https:\/\/corrientesdetarde.com\/index.php\/eventossociedad\/brillante-participacion-de-los-elencos-del-senado-en-la-noche-de-los-museos\/","title":{"rendered":"Brillante participaci\u00f3n de los elencos del Senado en la Noche de los Museos"},"content":{"rendered":"\n<p>Con la presencia del vicegobernador, Pedro Braillard Poccard, se desarrollaron las actividades propuestas por la Vicegobernaci\u00f3n y el Senado de la Provincia, como parte de la programaci\u00f3n de la Noche de los Museos, organizada por el Instituto de Cultura de la provincia.<br>De esta manera, los elencos estables de la Honorable C\u00e1mara de Senadores, brindaron conciertos y ofrecieron coreograf\u00edas en distintos espacios, a lo que se sum\u00f3 la muestra en el Sal\u00f3n de los Pasos Perdidos \u201cMUJERES ARTISTAS, integrada por obras de Justina Briend , con la serie &#8220;Realismo de mascotas&#8221; y Susana Mutinelli con \u201cEl alma del Litoral. Naturaleza y tradiciones&#8221;. La misma estuvo habilitada entre las 20,00 hs. y la 01,00 hs.<br>En el hall de la Legislatura provincial la Filarm\u00f3nica Estudiantil del Senado, con la direcci\u00f3n de Facundo Maidana interpret\u00f3 un ameno repertorio, ante un p\u00fablico entusiasta que se acerc\u00f3 al Palacio legislativo.<br>Por su parte, a las 20,30 hs. la Coral Corrientes, dirigida por Carolina Garc\u00eda Ferreyra, ofreci\u00f3 un concierto original y variado para toda la familia, en el Museo de Ciencias Naturales Amado Bonpland, ubicado en la Costanera General San Mart\u00edn.<br>Asimismo, a las 21,00 hs. el Ballet Folkl\u00f3rico Juvenil, desplegando su singular frescura deleit\u00f3 al p\u00fablico que visit\u00f3 el Museo Casa Mart\u00ednez.<br>Una edici\u00f3n m\u00e1s en la que el Senado de la provincia, aporta al recorrido por los espacios culturales de la ciudad, que se realiza durante la Noche de los Museos, una actividad que tiene el objetivo de acercar p\u00fablico nuevo a las salas de exposici\u00f3n y espacios culturales.<\/p>\n\n\n\n<p><\/p>\n\n\n\n<figure class=\"wp-block-image size-large\"><img loading=\"lazy\" decoding=\"async\" width=\"1024\" height=\"683\" src=\"https:\/\/corrientesdetarde.com\/wp-content\/uploads\/2024\/10\/1000011202-1024x683.jpg\" alt=\"\" class=\"wp-image-168535\" srcset=\"https:\/\/corrientesdetarde.com\/wp-content\/uploads\/2024\/10\/1000011202-1024x683.jpg 1024w, https:\/\/corrientesdetarde.com\/wp-content\/uploads\/2024\/10\/1000011202-300x200.jpg 300w, https:\/\/corrientesdetarde.com\/wp-content\/uploads\/2024\/10\/1000011202-768x512.jpg 768w, https:\/\/corrientesdetarde.com\/wp-content\/uploads\/2024\/10\/1000011202-1536x1024.jpg 1536w, https:\/\/corrientesdetarde.com\/wp-content\/uploads\/2024\/10\/1000011202.jpg 1599w\" sizes=\"auto, (max-width: 1024px) 100vw, 1024px\" \/><\/figure>\n\n\n\n<figure class=\"wp-block-image size-large\"><img loading=\"lazy\" decoding=\"async\" width=\"1024\" height=\"683\" src=\"https:\/\/corrientesdetarde.com\/wp-content\/uploads\/2024\/10\/1000011196-1024x683.jpg\" alt=\"\" class=\"wp-image-168532\" srcset=\"https:\/\/corrientesdetarde.com\/wp-content\/uploads\/2024\/10\/1000011196-1024x683.jpg 1024w, https:\/\/corrientesdetarde.com\/wp-content\/uploads\/2024\/10\/1000011196-300x200.jpg 300w, https:\/\/corrientesdetarde.com\/wp-content\/uploads\/2024\/10\/1000011196-768x512.jpg 768w, https:\/\/corrientesdetarde.com\/wp-content\/uploads\/2024\/10\/1000011196-1536x1024.jpg 1536w, https:\/\/corrientesdetarde.com\/wp-content\/uploads\/2024\/10\/1000011196.jpg 1599w\" sizes=\"auto, (max-width: 1024px) 100vw, 1024px\" \/><\/figure>\n\n\n\n<figure class=\"wp-block-image size-large\"><img loading=\"lazy\" decoding=\"async\" width=\"1024\" height=\"683\" src=\"https:\/\/corrientesdetarde.com\/wp-content\/uploads\/2024\/10\/1000011190-1024x683.jpg\" alt=\"\" class=\"wp-image-168531\" srcset=\"https:\/\/corrientesdetarde.com\/wp-content\/uploads\/2024\/10\/1000011190-1024x683.jpg 1024w, https:\/\/corrientesdetarde.com\/wp-content\/uploads\/2024\/10\/1000011190-300x200.jpg 300w, https:\/\/corrientesdetarde.com\/wp-content\/uploads\/2024\/10\/1000011190-768x512.jpg 768w, https:\/\/corrientesdetarde.com\/wp-content\/uploads\/2024\/10\/1000011190-1536x1024.jpg 1536w, https:\/\/corrientesdetarde.com\/wp-content\/uploads\/2024\/10\/1000011190.jpg 1599w\" sizes=\"auto, (max-width: 1024px) 100vw, 1024px\" \/><\/figure>\n","protected":false},"excerpt":{"rendered":"<p>Con la presencia del vicegobernador, Pedro Braillard Poccard, se desarrollaron las actividades propuestas por la Vicegobernaci\u00f3n y el Senado de la Provincia, como parte de la programaci\u00f3n de la Noche&hellip; <\/p>\n","protected":false},"author":1,"featured_media":168534,"comment_status":"closed","ping_status":"open","sticky":false,"template":"","format":"standard","meta":{"footnotes":""},"categories":[1208],"tags":[],"class_list":["post-168529","post","type-post","status-publish","format-standard","has-post-thumbnail","hentry","category-eventossociedad"],"_links":{"self":[{"href":"https:\/\/corrientesdetarde.com\/index.php\/wp-json\/wp\/v2\/posts\/168529","targetHints":{"allow":["GET"]}}],"collection":[{"href":"https:\/\/corrientesdetarde.com\/index.php\/wp-json\/wp\/v2\/posts"}],"about":[{"href":"https:\/\/corrientesdetarde.com\/index.php\/wp-json\/wp\/v2\/types\/post"}],"author":[{"embeddable":true,"href":"https:\/\/corrientesdetarde.com\/index.php\/wp-json\/wp\/v2\/users\/1"}],"replies":[{"embeddable":true,"href":"https:\/\/corrientesdetarde.com\/index.php\/wp-json\/wp\/v2\/comments?post=168529"}],"version-history":[{"count":1,"href":"https:\/\/corrientesdetarde.com\/index.php\/wp-json\/wp\/v2\/posts\/168529\/revisions"}],"predecessor-version":[{"id":168536,"href":"https:\/\/corrientesdetarde.com\/index.php\/wp-json\/wp\/v2\/posts\/168529\/revisions\/168536"}],"wp:featuredmedia":[{"embeddable":true,"href":"https:\/\/corrientesdetarde.com\/index.php\/wp-json\/wp\/v2\/media\/168534"}],"wp:attachment":[{"href":"https:\/\/corrientesdetarde.com\/index.php\/wp-json\/wp\/v2\/media?parent=168529"}],"wp:term":[{"taxonomy":"category","embeddable":true,"href":"https:\/\/corrientesdetarde.com\/index.php\/wp-json\/wp\/v2\/categories?post=168529"},{"taxonomy":"post_tag","embeddable":true,"href":"https:\/\/corrientesdetarde.com\/index.php\/wp-json\/wp\/v2\/tags?post=168529"}],"curies":[{"name":"wp","href":"https:\/\/api.w.org\/{rel}","templated":true}]}}