{"id":168604,"date":"2024-10-28T07:20:12","date_gmt":"2024-10-28T10:20:12","guid":{"rendered":"https:\/\/corrientesdetarde.com\/?p=168604"},"modified":"2024-10-28T07:20:17","modified_gmt":"2024-10-28T10:20:17","slug":"el-taragui-rock-volvera-a-tener-dos-escenarios-para-dinamizar-el-show","status":"publish","type":"post","link":"https:\/\/corrientesdetarde.com\/index.php\/actualidad\/el-taragui-rock-volvera-a-tener-dos-escenarios-para-dinamizar-el-show\/","title":{"rendered":"El Tarag\u00fc\u00ed Rock volver\u00e1 a tener dos escenarios para dinamizar el show"},"content":{"rendered":"\n<p>Desde el Instituto de Cultura anunciaron que hoy se realizar\u00e1 el lanzamiento oficial de la 14\u00b0 edici\u00f3n en Casa de Gobierno. All\u00ed dar\u00e1n a conocer m\u00e1s detalles sobre cuestiones operativas. El montaje en el cors\u00f3dromo comenzar\u00e1 esta semana.<a href=\"https:\/\/api.whatsapp.com\/send?text=El%20Tarag%C3%BC%C3%AD%20Rock%20volver%C3%A1%20a%20tener%20dos%20escenarios%20para%20dinamizar%20el%20show%20-%20https:\/\/www.diarioepoca.com\/1336460-el-tarag%C3%BCi-rock-volvera-a-tener-dos-escenarios-para-dinamizar-el-show?utm_source=WhatsApp%26utm_medium=WhatsApp%26utm_campaign=WhatsApp%26utm_term=WhatsApp\" target=\"_blank\" rel=\"noreferrer noopener\"><\/a><a href=\"https:\/\/www.diarioepoca.com\/1336460-el-taragui-rock-volvera-a-tener-dos-escenarios-para-dinamizar-el-show#\"><\/a><a href=\"https:\/\/www.diarioepoca.com\/1336460-el-taragui-rock-volvera-a-tener-dos-escenarios-para-dinamizar-el-show#\"><\/a><\/p>\n\n\n\n<p>Esta semana inicia el montaje de la estructura para lo que ser\u00e1 la 14\u00b0 edici\u00f3n del Tarag\u00fc\u00ed Rock, a desarrollarse el 9 y 10 de noviembre en el cors\u00f3dromo Nolo Al\u00edas. El Instituto de Cultura realizar\u00e1 hoy, a las 10, en el Sal\u00f3n Amarillo de Casa de Gobierno, el lanzamiento oficial del festival de rock m\u00e1s importante del NEA.<\/p>\n\n\n\n<p>Autoridades provinciales y la presidente del Instituto de Cultura de Corrientes, Beatriz Kunin, brindar\u00e1n detalles de este evento, que a\u00f1o a a\u00f1o convoca a miles de j\u00f3venes de la regi\u00f3n. Confirmar\u00e1n la grilla art\u00edstica que combina bandas hist\u00f3ricas, invitados internacionales y lo mejor de la escena musical del NEA. Entre los que se encuentran Los Caballeros de la Quema, Los Pericos, La Bersuit, Turf, Roque Narvaja, Peces Raros y el proyecto &#8220;Hilda canta a Charly&#8221;, un homenaje al gran Charly Garc\u00eda encabezado por Hilda Lizarazu.<\/p>\n\n\n\n<p>Tambi\u00e9n dar\u00e1n precisiones respecto al montaje de los escenarios que comenzar\u00e1 en los pr\u00f3ximos d\u00edas, la venta de entradas y las propuestas gastron\u00f3micas y de emprendedores que formar\u00e1n parte del megaevento.<\/p>\n\n\n\n<h2 class=\"wp-block-heading\">Acreditaciones<\/h2>\n\n\n\n<p>Por otra parte, desde el Gobierno anunciaron que se encuentra habilitado el per\u00edodo de acreditaci\u00f3n para los medios de prensa interesados en realizar la cobertura del evento.<\/p>\n\n\n\n<p>Deber\u00e1n enviar las solicitudes con el asunto TARAGU\u00cd ROCK 2024, al siguiente correo electr\u00f3nico:&nbsp;acreditaciones.cultura@gmail.com&nbsp;y tienen tiempo de hacerlo hasta el viernes 1 de noviembre, inclusive (no se aceptar\u00e1n solicitudes despu\u00e9s de esa fecha).<\/p>\n\n\n\n<p>El pedido deber\u00e1 ser realizado mediante una nota formal adjuntada al correo como documento Word (con membrete del medio) y firmada por el director, donde tienen que figurar los datos de las personas a acreditar (nombre, DNI, funci\u00f3n y contacto de celular). En el caso de medios digitales, deben adjuntar adem\u00e1s publicaciones, links de videos y\/o audios de los materiales difundidos vinculados a la edici\u00f3n 2023 y anuncios de la edici\u00f3n 2024.<\/p>\n\n\n\n<p>Se autorizar\u00e1 hasta dos periodistas por medio gr\u00e1fico; tres por medio televisivo -no por programa- (cronista, camar\u00f3grafo y productor); uno por medio radial -no por programa-; y uno en el caso de p\u00e1gina web.<\/p>\n\n\n\n<p>Cabe se\u00f1alar que la cantidad de acreditaciones es limitada, por lo cual la recepci\u00f3n de las solicitudes no asegura la acreditaci\u00f3n.<\/p>\n","protected":false},"excerpt":{"rendered":"<p>Desde el Instituto de Cultura anunciaron que hoy se realizar\u00e1 el lanzamiento oficial de la 14\u00b0 edici\u00f3n en Casa de Gobierno. All\u00ed dar\u00e1n a conocer m\u00e1s detalles sobre cuestiones operativas.&hellip; <\/p>\n","protected":false},"author":12,"featured_media":168616,"comment_status":"closed","ping_status":"open","sticky":false,"template":"","format":"standard","meta":{"footnotes":""},"categories":[23],"tags":[],"class_list":["post-168604","post","type-post","status-publish","format-standard","has-post-thumbnail","hentry","category-actualidad"],"_links":{"self":[{"href":"https:\/\/corrientesdetarde.com\/index.php\/wp-json\/wp\/v2\/posts\/168604","targetHints":{"allow":["GET"]}}],"collection":[{"href":"https:\/\/corrientesdetarde.com\/index.php\/wp-json\/wp\/v2\/posts"}],"about":[{"href":"https:\/\/corrientesdetarde.com\/index.php\/wp-json\/wp\/v2\/types\/post"}],"author":[{"embeddable":true,"href":"https:\/\/corrientesdetarde.com\/index.php\/wp-json\/wp\/v2\/users\/12"}],"replies":[{"embeddable":true,"href":"https:\/\/corrientesdetarde.com\/index.php\/wp-json\/wp\/v2\/comments?post=168604"}],"version-history":[{"count":2,"href":"https:\/\/corrientesdetarde.com\/index.php\/wp-json\/wp\/v2\/posts\/168604\/revisions"}],"predecessor-version":[{"id":168618,"href":"https:\/\/corrientesdetarde.com\/index.php\/wp-json\/wp\/v2\/posts\/168604\/revisions\/168618"}],"wp:featuredmedia":[{"embeddable":true,"href":"https:\/\/corrientesdetarde.com\/index.php\/wp-json\/wp\/v2\/media\/168616"}],"wp:attachment":[{"href":"https:\/\/corrientesdetarde.com\/index.php\/wp-json\/wp\/v2\/media?parent=168604"}],"wp:term":[{"taxonomy":"category","embeddable":true,"href":"https:\/\/corrientesdetarde.com\/index.php\/wp-json\/wp\/v2\/categories?post=168604"},{"taxonomy":"post_tag","embeddable":true,"href":"https:\/\/corrientesdetarde.com\/index.php\/wp-json\/wp\/v2\/tags?post=168604"}],"curies":[{"name":"wp","href":"https:\/\/api.w.org\/{rel}","templated":true}]}}