{"id":168605,"date":"2024-10-28T07:18:54","date_gmt":"2024-10-28T10:18:54","guid":{"rendered":"https:\/\/corrientesdetarde.com\/?p=168605"},"modified":"2024-10-28T07:19:17","modified_gmt":"2024-10-28T10:19:17","slug":"las-ventas-en-farmacias-locales-se-mantienen-un-10-abajo-interanual","status":"publish","type":"post","link":"https:\/\/corrientesdetarde.com\/index.php\/actualidad\/las-ventas-en-farmacias-locales-se-mantienen-un-10-abajo-interanual\/","title":{"rendered":"Las ventas en farmacias locales se mantienen un 10% abajo interanual"},"content":{"rendered":"\n<p>Carlos Arballo, desde la C\u00e1mara local que nuclea a la dispensa de medicamentos. Dijo que el consumo se mantiene comprimido y que las obras sociales sostienen el flujo de la demanda, ya que por fuera de la cobertura social son escasas las operaciones.<a href=\"https:\/\/api.whatsapp.com\/send?text=Las%20ventas%20en%20farmacias%20locales%20se%20mantienen%20un%2010%%20abajo%20interanual%20-%20https:\/\/www.diarioepoca.com\/1336443-las-ventas-en-farmacias-locales-se-mantienen-un-10-abajo-interanual?utm_source=WhatsApp%26utm_medium=WhatsApp%26utm_campaign=WhatsApp%26utm_term=WhatsApp\" target=\"_blank\" rel=\"noreferrer noopener\"><\/a><a href=\"https:\/\/www.diarioepoca.com\/1336443-las-ventas-en-farmacias-locales-se-mantienen-un-10-abajo-interanual#\"><\/a><a href=\"https:\/\/www.diarioepoca.com\/1336443-las-ventas-en-farmacias-locales-se-mantienen-un-10-abajo-interanual#\"><\/a><\/p>\n\n\n\n<p>El a\u00f1o est\u00e1 a un paso de ingresar en su bimestre final y desde varios sectores comerciales ya se ensayan borradores con balances de lo acontecido en esta temporada. Desde la C\u00e1mara de Farmacias de Corrientes (CACOFAR), su titular Carlos Arballo, analiz\u00f3 la coyuntura y esboz\u00f3 un an\u00e1lisis desde su rubro.<\/p>\n\n\n\n<p>&#8220;Todo el que tenga un comercio o emprendimiento sabe que estamos en la etapa final de un a\u00f1o muy complicado. Desde las farmacias podemos decir que a pesar de tanta inflaci\u00f3n, recesi\u00f3n y dem\u00e1s coyunturas econ\u00f3micas, prestamos un servicio de manera ejemplar a lo largo de 2024&#8221;, sostuvo el citado empresario.<\/p>\n\n\n\n<p>En ese sentido, describi\u00f3 que &#8220;el consumo se mantiene comprimido, nosotros tenemos a favor que las obras sociales est\u00e1n trabajando bien y m\u00e1s all\u00e1 de alg\u00fan que otro atraso, la gran mayor\u00eda cumple con la cadena de pago&#8221;. No obstante, acot\u00f3: &#8220;Lo que est\u00e1 totalmente frenado es el tema de la venta sin cobertura, es decir lo que llamamos dispensa de mostrador&#8221;.<\/p>\n\n\n\n<p>De igual modo, sum\u00f3 que &#8220;la venimos peleando y si bien al principio del a\u00f1o estuvimos peor, ahora podemos decir que la dispensa actual est\u00e1 todav\u00eda 10% abajo a nivel interanual, pero con el paso de los meses la brecha se fue recortando paulatinamente. El acumulado inflacionario en los principales medicamentos oscila el 70%, similar al porcentual del encarecimiento del costo de vida&#8221;.<\/p>\n\n\n\n<p>Por \u00faltimo, desliz\u00f3: &#8220;Nosotros seguiremos como siempre, trabajaremos para tratar de cerrar el a\u00f1o de la mejor manera y con la premisa de que 2025 sea superador; no hay que bajar los brazos, la reactivaci\u00f3n llegar\u00e1 en alg\u00fan momento, no hay formulas m\u00e1gicas&#8221;.<\/p>\n\n\n\n<h2 class=\"wp-block-heading\">No hay repunte<\/h2>\n\n\n\n<p>A nivel pa\u00eds, seg\u00fan el \u00faltimo reporte de ventas minoristas de Peque\u00f1a y Mediana Empresa (PYME) de la Confederaci\u00f3n Argentina de la Mediana Empresa (CAME), en cuanto a ventas en el sector farmacia hubo disminuci\u00f3n del 3% en septiembre, que suma una retracci\u00f3n de 25,5% en el segmento de los nueve meses respecto al a\u00f1o pasado. En tanto, en la comparaci\u00f3n intermensual mejor\u00f3 0,1%.<\/p>\n\n\n\n<p>Fue un mes malo para el rubro, no solo por los bajos niveles de operaciones sino tambi\u00e9n por la ca\u00edda de los m\u00e1rgenes de ganancias. La leve mejora frente a agosto solo mostr\u00f3 cierta tranquilidad en los comercios de que la venta en los pr\u00f3ximos meses podr\u00eda repuntar. Desde los negocios medidos observaron que, en medicamentos, la gente ped\u00eda la marca m\u00e1s econ\u00f3mica y esa tendencia es una constante en todo el pa\u00eds.<\/p>\n\n\n\n<h2 class=\"wp-block-heading\">\u00bfBajaron los alimentos importados?<\/h2>\n\n\n\n<figure class=\"wp-block-image\"><img decoding=\"async\" src=\"https:\/\/www.diarioepoca.com\/content\/bucket\/2\/1391972w380h191c.jpg.webp\" alt=\"\"\/><\/figure>\n\n\n\n<p>El Gobierno nacional oficializ\u00f3 en septiembre la baja del impuesto PAIS al 7,5% sobre el uso de d\u00f3lares para el pago de importaciones de bienes y fletes desde el exterior. Ahora un informe oficial asegur\u00f3 que ante esa medida, los precios de los alimentos y bebidas importados bajaron en promedio un 2,4%, con picos de hasta un 10%.<\/p>\n\n\n\n<p>El Ministerio de Desregulaci\u00f3n y Transformaci\u00f3n del Estado difundi\u00f3 un texto donde sostiene que a partir de la reducci\u00f3n de 10 puntos en el Impuesto PAIS implementada, los precios de estos productos &#8220;experimentaron una ca\u00edda real promedio del 2,4%, con disminuciones de hasta el 10% en algunos casos; mientras que los productos nacionales registraron un aumento del 3%&#8221;.<\/p>\n\n\n\n<p>&#8220;Esto ocurri\u00f3 a pesar del incremento en la cotizaci\u00f3n del d\u00f3lar oficial, que en circunstancias normales habr\u00eda provocado un alza en los precios de los productos importados. Sin embargo, la reducci\u00f3n del impuesto logr\u00f3 compensar este efecto&#8221;, manifiesta el comunicado.<\/p>\n","protected":false},"excerpt":{"rendered":"<p>Carlos Arballo, desde la C\u00e1mara local que nuclea a la dispensa de medicamentos. Dijo que el consumo se mantiene comprimido y que las obras sociales sostienen el flujo de la&hellip; <\/p>\n","protected":false},"author":12,"featured_media":168613,"comment_status":"closed","ping_status":"open","sticky":false,"template":"","format":"standard","meta":{"footnotes":""},"categories":[23],"tags":[],"class_list":["post-168605","post","type-post","status-publish","format-standard","has-post-thumbnail","hentry","category-actualidad"],"_links":{"self":[{"href":"https:\/\/corrientesdetarde.com\/index.php\/wp-json\/wp\/v2\/posts\/168605","targetHints":{"allow":["GET"]}}],"collection":[{"href":"https:\/\/corrientesdetarde.com\/index.php\/wp-json\/wp\/v2\/posts"}],"about":[{"href":"https:\/\/corrientesdetarde.com\/index.php\/wp-json\/wp\/v2\/types\/post"}],"author":[{"embeddable":true,"href":"https:\/\/corrientesdetarde.com\/index.php\/wp-json\/wp\/v2\/users\/12"}],"replies":[{"embeddable":true,"href":"https:\/\/corrientesdetarde.com\/index.php\/wp-json\/wp\/v2\/comments?post=168605"}],"version-history":[{"count":2,"href":"https:\/\/corrientesdetarde.com\/index.php\/wp-json\/wp\/v2\/posts\/168605\/revisions"}],"predecessor-version":[{"id":168615,"href":"https:\/\/corrientesdetarde.com\/index.php\/wp-json\/wp\/v2\/posts\/168605\/revisions\/168615"}],"wp:featuredmedia":[{"embeddable":true,"href":"https:\/\/corrientesdetarde.com\/index.php\/wp-json\/wp\/v2\/media\/168613"}],"wp:attachment":[{"href":"https:\/\/corrientesdetarde.com\/index.php\/wp-json\/wp\/v2\/media?parent=168605"}],"wp:term":[{"taxonomy":"category","embeddable":true,"href":"https:\/\/corrientesdetarde.com\/index.php\/wp-json\/wp\/v2\/categories?post=168605"},{"taxonomy":"post_tag","embeddable":true,"href":"https:\/\/corrientesdetarde.com\/index.php\/wp-json\/wp\/v2\/tags?post=168605"}],"curies":[{"name":"wp","href":"https:\/\/api.w.org\/{rel}","templated":true}]}}