{"id":168606,"date":"2024-10-28T07:17:27","date_gmt":"2024-10-28T10:17:27","guid":{"rendered":"https:\/\/corrientesdetarde.com\/?p=168606"},"modified":"2024-10-28T07:17:31","modified_gmt":"2024-10-28T10:17:31","slug":"boca-unidos-y-deportivo-mandiyu-quedaron-a-mano-en-el-leoncio","status":"publish","type":"post","link":"https:\/\/corrientesdetarde.com\/index.php\/destacados\/boca-unidos-y-deportivo-mandiyu-quedaron-a-mano-en-el-leoncio\/","title":{"rendered":"Boca Unidos y Deportivo Mandiy\u00fa quedaron a mano en el &#8220;Leoncio&#8221;"},"content":{"rendered":"\n<p>El adelanto de la quinta fecha termin\u00f3 en un entretenido empate 1 a 1 entre los aurirrojos y el albo, que ahora lideran la Zona D del certamen liguista.<a href=\"https:\/\/api.whatsapp.com\/send?text=Boca%20Unidos%20y%20Deportivo%20Mandiy%C3%BA%20quedaron%20a%20mano%20en%20el%20%22Leoncio%22%20-%20https:\/\/www.diarioepoca.com\/1336454-boca-unidos-y-deportivo-mandiyu-quedaron-a-mano-en-el-leoncio?utm_source=WhatsApp%26utm_medium=WhatsApp%26utm_campaign=WhatsApp%26utm_term=WhatsApp\" target=\"_blank\" rel=\"noreferrer noopener\"><\/a><a href=\"https:\/\/www.diarioepoca.com\/1336454-boca-unidos-y-deportivo-mandiyu-quedaron-a-mano-en-el-leoncio#\"><\/a><a href=\"https:\/\/www.diarioepoca.com\/1336454-boca-unidos-y-deportivo-mandiyu-quedaron-a-mano-en-el-leoncio#\"><\/a><\/p>\n\n\n\n<p>En el adelanto de la quinta fecha v\u00e1lida por la Copa de la Liga Correntina de F\u00fatbol (LCF), Boca Unidos y Deportivo Mandiy\u00fa igualaron 1 a 1 en el cl\u00e1sico correntino v\u00e1lido por la Zona D. Con este empate, el albo sigue como l\u00edder del grupo en el campeonato que otorga un t\u00edtulo oficial y dos boletos al pr\u00f3ximo Torneo Provincial de Clubes.<\/p>\n\n\n\n<p>En un encuentro que comenz\u00f3 muy friccionado, se vio poco y nada en la primera media hora de juego. Antes de pasar la mitad de la etapa inicial, un problema f\u00edsico impidi\u00f3 que Francisco Sosa Ugolini pueda continuar el encuentro. En su lugar, a los 20 minutos, Hern\u00e1n Valenzuela reemplaz\u00f3 al volante del albo. Una corrida de contra de Valenzuela termin\u00f3 en la primera aproximaci\u00f3n de los algodoneros, que apostaban a encontrar mal parado a Boca Unidos para marcar.<\/p>\n\n\n\n<figure class=\"wp-block-image\"><img decoding=\"async\" src=\"https:\/\/www.diarioepoca.com\/content\/bucket\/0\/1391980w380h770c.jpg.webp\" alt=\"\"\/><\/figure>\n\n\n\n<p>Justamente eso fue lo que pas\u00f3 a los 36 minutos, cuando una mala salida del arquero Lautaro Rojas termin\u00f3 en una buena definici\u00f3n de Mariano Gim\u00e9nez que punte\u00f3 un pelotazo para anotar. Luego de tocar por encima del portero, el delantero choc\u00f3 con el arquero y hubo protesta por parte de los aurirrojos, pero el delantero primere\u00f3 la acci\u00f3n logrando l\u00edcitamente la anotaci\u00f3n de los visitantes para hacer celebrar parcialmente a sus hinchas. Mandiy\u00fa no se conform\u00f3 y apur\u00f3 en los minutos finales. Con centros, el equipo de Walter Zacarias volvi\u00f3 a tenerlo con un cabezazo de Barreto que dio en el travesa\u00f1o. La primera mitad muri\u00f3 luego del adicional y se fueron a los vestuarios del predio Leoncio Ben\u00edtez.<\/p>\n\n\n\n<p>Cuando Mandiy\u00fa parec\u00eda m\u00e1s aplomado en el complemento, Boca Unidos logr\u00f3 la igualdad con un gran pase filtrado que Ronald S\u00e1nchez aprovech\u00f3 para ingresar al \u00e1rea y sacudir de derecha. A los 7 minutos, cay\u00f3 la valla defendida por Axel Corradini y el local emparej\u00f3 el marcador en la tarde del barrio 17 de Agosto. Mandiy\u00fa qued\u00f3 desconcertado y una actitud infantil lo dej\u00f3 con un hombre menos. A los 12, Jos\u00e9 S\u00e1nchez vio la roja por un pisot\u00f3n sin pelota sobre Roland S\u00e1nchez. El \u00e1rbitro Nicol\u00e1s Mat\u00edas Sosa lo vio y no dud\u00f3 en mostrarle la tarjeta roja. Esto aceler\u00f3 la segunda variante en una nueva ventana a los 14 minutos, con el central Facundo Sosa ingresando por Mariano Gim\u00e9nez.<\/p>\n\n\n\n<p>El equipo de Jos\u00e9 Luis Gait\u00e1n se envalenton\u00f3 con el mal momento del albo y sali\u00f3 a la b\u00fasqueda del segundo gol. Ocupando la \u00faltima ventana, Zacar\u00edas ocup\u00f3 los tres cambios a disposici\u00f3n para que ingresen Federico Torres, Junior S\u00e1nchez N\u00fa\u00f1ez y Cristian Encinas por Guillermo Barreto, Jos\u00e9 Monz\u00f3n y Alejandro Ram\u00edrez a los 26 minutos. En su salida, los hinchas de Boca arrojaron cosas y uno de los objetos dio en la cabeza de Barreto, que tuvo que recibir asistencia m\u00e9dica y esto demor\u00f3 la continuidad. Luego el delantero paraguayo provoc\u00f3 a los hinchas locales y m\u00e1s proyectiles no se hicieron esperar. El cierre fue lejos de los arcos, pero con el lateral Ignacio M\u00e9ndez teniendo la \u00faltima la volea por el segundo palo tras un centro de Ramiro Schweizer.<\/p>\n","protected":false},"excerpt":{"rendered":"<p>El adelanto de la quinta fecha termin\u00f3 en un entretenido empate 1 a 1 entre los aurirrojos y el albo, que ahora lideran la Zona D del certamen liguista. En&hellip; <\/p>\n","protected":false},"author":12,"featured_media":168610,"comment_status":"closed","ping_status":"open","sticky":false,"template":"","format":"standard","meta":{"footnotes":""},"categories":[26],"tags":[],"class_list":["post-168606","post","type-post","status-publish","format-standard","has-post-thumbnail","hentry","category-destacados"],"_links":{"self":[{"href":"https:\/\/corrientesdetarde.com\/index.php\/wp-json\/wp\/v2\/posts\/168606","targetHints":{"allow":["GET"]}}],"collection":[{"href":"https:\/\/corrientesdetarde.com\/index.php\/wp-json\/wp\/v2\/posts"}],"about":[{"href":"https:\/\/corrientesdetarde.com\/index.php\/wp-json\/wp\/v2\/types\/post"}],"author":[{"embeddable":true,"href":"https:\/\/corrientesdetarde.com\/index.php\/wp-json\/wp\/v2\/users\/12"}],"replies":[{"embeddable":true,"href":"https:\/\/corrientesdetarde.com\/index.php\/wp-json\/wp\/v2\/comments?post=168606"}],"version-history":[{"count":2,"href":"https:\/\/corrientesdetarde.com\/index.php\/wp-json\/wp\/v2\/posts\/168606\/revisions"}],"predecessor-version":[{"id":168612,"href":"https:\/\/corrientesdetarde.com\/index.php\/wp-json\/wp\/v2\/posts\/168606\/revisions\/168612"}],"wp:featuredmedia":[{"embeddable":true,"href":"https:\/\/corrientesdetarde.com\/index.php\/wp-json\/wp\/v2\/media\/168610"}],"wp:attachment":[{"href":"https:\/\/corrientesdetarde.com\/index.php\/wp-json\/wp\/v2\/media?parent=168606"}],"wp:term":[{"taxonomy":"category","embeddable":true,"href":"https:\/\/corrientesdetarde.com\/index.php\/wp-json\/wp\/v2\/categories?post=168606"},{"taxonomy":"post_tag","embeddable":true,"href":"https:\/\/corrientesdetarde.com\/index.php\/wp-json\/wp\/v2\/tags?post=168606"}],"curies":[{"name":"wp","href":"https:\/\/api.w.org\/{rel}","templated":true}]}}