{"id":168622,"date":"2024-10-28T08:22:01","date_gmt":"2024-10-28T11:22:01","guid":{"rendered":"https:\/\/corrientesdetarde.com\/?p=168622"},"modified":"2024-10-28T08:22:13","modified_gmt":"2024-10-28T11:22:13","slug":"te-voy-a-comprar-el-pase-el-picante-cruce-de-luis-advincula-con-un-jugador-de-riestra-en-medio-del-partido","status":"publish","type":"post","link":"https:\/\/corrientesdetarde.com\/index.php\/deportes\/te-voy-a-comprar-el-pase-el-picante-cruce-de-luis-advincula-con-un-jugador-de-riestra-en-medio-del-partido\/","title":{"rendered":"\u201cTe voy a comprar el pase\u201d: el picante cruce de Luis Adv\u00edncula con un jugador de Riestra en medio del partido"},"content":{"rendered":"\n<p><\/p>\n\n\n\n<p>El peruano se cruz\u00f3 con Milton C\u00e9liz en el empate de Boca ante el Malevo 1-1 por la Liga Profesional. (Video: ESPN)<\/p>\n\n\n\n<p>Boca empat\u00f3 1-1 con Deportivo Riestra\u00a0en la Bombonera por la fecha 19 de la Liga Profesional. Uno de los momentos m\u00e1s comentados del partido fue el cruce entre\u00a0Luis Adv\u00edncula\u00a0y\u00a0<strong>Milton C\u00e9liz<\/strong>, quien en una entrevista, revel\u00f3 lo que el lateral le respondi\u00f3 ante sus provocaciones.<\/p>\n\n\n\n<p><\/p>\n\n\n\n<p>\u201c<strong>Me dijo: \u2018Te voy a comprar el pase\u2019. Yo le dije: \u2018Te canta la boca\u2019, le ten\u00edamos que meter un poco de picard\u00eda para que se caliente y me dijo: \u2018Te voy a comprar el pase\u2019&nbsp;<\/strong>y le dije: \u2018C\u00f3mpramelo que lo necesito\u2019. Olv\u00eddate, nos tiramos un par de \u2018verdes\u2019, si est\u00e1n sobrados. \u00c9l me dijo un par de cosas, me mir\u00f3 la camiseta, como para decirme \u2018Qui\u00e9n sos\u2019\u201d, cont\u00f3 el futbolista del Malevo en una entrevista con&nbsp;<em>ESPN<\/em>.<\/p>\n\n\n\n<p>En ese sentido, el periodista le pregunt\u00f3 al jugador del equipo dirigido por Cristian Fabbiani:&nbsp;<strong>\u201c\u00bfCu\u00e1nto est\u00e1 tu pase?\u201d<\/strong>. A lo que el futbolista respondi\u00f3 entre risas: \u201c<strong>Que me tire lo que sea, a m\u00ed me sirve\u201d<\/strong>.<\/p>\n\n\n\n<figure class=\"wp-block-image\"><img decoding=\"async\" src=\"https:\/\/tn.com.ar\/resizer\/v2\/el-dt-hablo-tras-el-empate-de-boca-ante-deportivo-riestra-en-la-bombonera-foto-fotobaires-NWN2TNQVLBHF7MRZ57QSQEYRI4.jpg?auth=f91d895972915fd909c67c9f8f2f9465ee8df7f30c588130573c29e6268516bf&amp;width=767\" alt=\"El DT habl\u00f3 tras el empate de Boca ante Deportivo Riestra en la Bombonera.  (Foto: Fotobaires)\"\/><figcaption class=\"wp-element-caption\">El DT habl\u00f3 tras el empate de Boca ante Deportivo Riestra en la Bombonera. (Foto: Fotobaires)<\/figcaption><\/figure>\n\n\n\n<h2 class=\"wp-block-heading\">Qu\u00e9 dijo Fernando Gago despu\u00e9s del empate de Boca ante Riestra en la Bombonera<\/h2>\n\n\n\n<p>El entrenador del Xeneize analiz\u00f3 el empate de Boca ante Riestra 1-1:<\/p>\n\n\n\n<ul class=\"wp-block-list\">\n<li>\u201cCreo que no que quedarse solamente con las situaciones del segundo tiempo. Creo que en el transcurso del partido nos falt\u00f3 un poquito m\u00e1s de fluidez en la circulaci\u00f3n y movimiento para poder lastimar al rival\u201d.<\/li>\n\n\n\n<li>\u201cEl resultado no me gusta, obviamente. Necesitamos mejorar. Vamos a trabajar para eso y esa es la mentalidad que tengo con los pocos d\u00edas de trabajo que tenemos. Esta semana es larga para poder trabajar y a partir de eso que el equipo mejore constantemente\u201d.<\/li>\n\n\n\n<li>\u201cHay un mont\u00f3n de situaciones para analizar. Ellos ten\u00edan 9 o 10 jugadores dentro del \u00e1rea, es muy dif\u00edcil. Ah\u00ed se puede romper con una gambeta o un remate de larga distancia. Hay un mont\u00f3n de aspectos a trabajar, no solo desde la definici\u00f3n, sino de la construcci\u00f3n de juego\u201d.<\/li>\n\n\n\n<li>\u201cEl an\u00e1lisis se va a ir haciendo durante los entrenamientos donde los jugadores demuestran si est\u00e1n en condiciones de jugar. Creo que un equipo se basa en el plantel completo. Trataremos de poner el mejor equipo posible\u201d.<\/li>\n\n\n\n<li>\u201cTenemos muchos partidos para sumar puntos y esa es nuestra meta: tratar de conseguir resultados para que en la tabla general nos deje posicionados para poder ingresar (a la Copa Libertadores). Obviamente que estos puntos se pueden sentir en la base final del campeonato\u201d.<\/li>\n\n\n\n<li>\u201c\u00bfLas cosas a mejorar? Tener m\u00e1s tiempo el protagonismo y el control de juego y encontrar las situaciones y espacios para poder atacar\u201d.<\/li>\n\n\n\n<li>(Sobre su debut en la Bombonera como entrenador) \u201cFueron much\u00edsimas emociones desde que ven\u00eda ac\u00e1, desde que entr\u00e9. Volver a donde viv\u00ed toda mi vida futbol\u00edsticamente. Es algo muy lindo. Agradecerle el apoyo de la gente, el recibimiento, la bandera, son cosas que quedan en el coraz\u00f3n. Y pedirles y tenerles claros que este equipo, desde el trabajo y la humildad, va a tratar de seguir mejorando y conseguir los objetivos que tenemos\u201d.<\/li>\n\n\n\n<li>\u201cMiguel (Merentiel) sinti\u00f3 una molestia antes de comenzar el entrenamiento. Veremos si est\u00e1 disponible para el pr\u00f3ximo partido. Es una l\u00e1stima porque estaba en consideraci\u00f3n para jugar hoy. Lo mismo con Cristian (Lema). A ver qu\u00e9 resultados da el estudio y a partir de eso ver qui\u00e9n est\u00e1 disponible para el pr\u00f3ximo partido\u201d.<\/li>\n<\/ul>\n\n\n\n<h2 class=\"wp-block-heading\">Cu\u00e1ndo vuelve a jugar Boca por la Liga Profesional<\/h2>\n\n\n\n<p>El pr\u00f3ximo partido de&nbsp;<strong>Boca<\/strong>&nbsp;ser\u00e1 ante&nbsp;<strong>Lan\u00fas<\/strong>&nbsp;en condici\u00f3n de visitante el domingo 3 de noviembre a partir de las 19.30 por la Liga Profesional. Luego, enfrentar\u00e1 a&nbsp;<strong>Godoy Cruz<\/strong>, el mi\u00e9rcoles 6 en la Bombonera. Mientras que el domingo 10, el Xeneize chocar\u00e1 ante&nbsp;<strong>Sarmiento<\/strong>&nbsp;en Jun\u00edn.<\/p>\n","protected":false},"excerpt":{"rendered":"<p>El peruano se cruz\u00f3 con Milton C\u00e9liz en el empate de Boca ante el Malevo 1-1 por la Liga Profesional. (Video: ESPN) Boca empat\u00f3 1-1 con Deportivo Riestra\u00a0en la Bombonera&hellip; <\/p>\n","protected":false},"author":12,"featured_media":168623,"comment_status":"closed","ping_status":"open","sticky":false,"template":"","format":"standard","meta":{"footnotes":""},"categories":[4],"tags":[],"class_list":["post-168622","post","type-post","status-publish","format-standard","has-post-thumbnail","hentry","category-deportes"],"_links":{"self":[{"href":"https:\/\/corrientesdetarde.com\/index.php\/wp-json\/wp\/v2\/posts\/168622","targetHints":{"allow":["GET"]}}],"collection":[{"href":"https:\/\/corrientesdetarde.com\/index.php\/wp-json\/wp\/v2\/posts"}],"about":[{"href":"https:\/\/corrientesdetarde.com\/index.php\/wp-json\/wp\/v2\/types\/post"}],"author":[{"embeddable":true,"href":"https:\/\/corrientesdetarde.com\/index.php\/wp-json\/wp\/v2\/users\/12"}],"replies":[{"embeddable":true,"href":"https:\/\/corrientesdetarde.com\/index.php\/wp-json\/wp\/v2\/comments?post=168622"}],"version-history":[{"count":2,"href":"https:\/\/corrientesdetarde.com\/index.php\/wp-json\/wp\/v2\/posts\/168622\/revisions"}],"predecessor-version":[{"id":168625,"href":"https:\/\/corrientesdetarde.com\/index.php\/wp-json\/wp\/v2\/posts\/168622\/revisions\/168625"}],"wp:featuredmedia":[{"embeddable":true,"href":"https:\/\/corrientesdetarde.com\/index.php\/wp-json\/wp\/v2\/media\/168623"}],"wp:attachment":[{"href":"https:\/\/corrientesdetarde.com\/index.php\/wp-json\/wp\/v2\/media?parent=168622"}],"wp:term":[{"taxonomy":"category","embeddable":true,"href":"https:\/\/corrientesdetarde.com\/index.php\/wp-json\/wp\/v2\/categories?post=168622"},{"taxonomy":"post_tag","embeddable":true,"href":"https:\/\/corrientesdetarde.com\/index.php\/wp-json\/wp\/v2\/tags?post=168622"}],"curies":[{"name":"wp","href":"https:\/\/api.w.org\/{rel}","templated":true}]}}