{"id":168629,"date":"2024-10-28T08:25:51","date_gmt":"2024-10-28T11:25:51","guid":{"rendered":"https:\/\/corrientesdetarde.com\/?p=168629"},"modified":"2024-10-28T08:26:03","modified_gmt":"2024-10-28T11:26:03","slug":"vayan-a-buscar-delincuentes-el-posteo-de-l-gante-a-horas-de-conocerse-el-veredicto-en-el-juicio","status":"publish","type":"post","link":"https:\/\/corrientesdetarde.com\/index.php\/informacion-general\/vayan-a-buscar-delincuentes-el-posteo-de-l-gante-a-horas-de-conocerse-el-veredicto-en-el-juicio\/","title":{"rendered":"\u201cVayan a buscar delincuentes\u201d, el posteo de L-Gante a horas de conocerse el veredicto en el juicio"},"content":{"rendered":"\n<p><\/p>\n\n\n\n<p>A horas de conocerse el veredicto en el juicio por amenazas y privaci\u00f3n ileg\u00edtima de la libertad contra\u00a0<strong>L-Gante,\u00a0<\/strong>el referente de la Cumbia 420 reposte\u00f3 una publicaci\u00f3n de una cuenta de fan\u00e1ticos<strong>\u00a0en la que piden que no se lo declare culpable.<\/strong><\/p>\n\n\n\n<p><strong>\u201cVayan a buscar delincuentes\u00a0<\/strong>y dejen en paz a<strong>\u00a0L-Gante<\/strong>. Justicia y absoluci\u00f3n para Eli\u00e1n\u201d, dice uno de los mensajes escritos en la historia de Instagram de la cuenta @ElianxSiempre.<\/p>\n\n\n\n<p>En el posteo hay una mujer que es fan\u00e1tica del m\u00fasico que dice que \u201cse pasaron de la raya\u201d y que hay \u201ctanto delincuente\u201d que no entiende como \u201cse la agarran con este chico\u201d.<\/p>\n\n\n\n<figure class=\"wp-block-image\"><img decoding=\"async\" src=\"https:\/\/tn.com.ar\/resizer\/v2\/l-gante-hizo-un-posteo-a-horas-de-conocerse-el-veredicto-en-el-juicio-en-su-contra-foto-instagramlgantekeloke-AYHFKQWB35E5TMCCXDZOXEGW6I.JPG?auth=ad166bf67f0aa6bdd2ebffb7c9a3c2746b5158eb20ee4ea67121057247788bca&amp;width=767\" alt=\"L-Gante hizo un posteo a horas de conocerse el veredicto en el juicio en su contra. (Foto: Instagram\/lgante_keloke)\"\/><figcaption class=\"wp-element-caption\">L-Gante hizo un posteo a horas de conocerse el veredicto en el juicio en su contra. (Foto: Instagram\/lgante_keloke)<\/figcaption><\/figure>\n\n\n\n<p>\u201cLe quisieron sacar 500 mil d\u00f3lares para dejar todo en la nada el juicio. Dejen en paz al pobre de L-Gante. Espero que el lunes el fallo sea que qued\u00f3 absuelto\u201d, agreg\u00f3.<\/p>\n\n\n\n<h2 class=\"wp-block-heading\">Qu\u00e9 puede pasar con L-Gante en el juicio<\/h2>\n\n\n\n<p>Luego de cuatro audiencias en las que declararon numerosos<strong>\u00a0testigos<\/strong>, finalmente este lunes se conocer\u00e1 el\u00a0<strong>veredicto<\/strong>\u00a0en el juicio contra Eli\u00e1n Valenzuela por los delitos de \u201camenazas,\u00a0<strong>privaci\u00f3n ileg\u00edtima de la libertad<\/strong>, amenazas calificada, tenencia simple de estupefacientes y encubrimiento calificado\u201d.<\/p>\n\n\n\n<p>La semana pasada, la fiscal\u00eda a cargo de&nbsp;<strong>Adri\u00e1n Landini&nbsp;<\/strong>pidi\u00f3 que el cantante sea condenado&nbsp;<strong>a 7 a\u00f1os de prisi\u00f3n<\/strong>, mientras que la defensa fue por la absoluci\u00f3n. Por su parte, una de las querellas solicit\u00f3&nbsp;<strong>8 a\u00f1os de c\u00e1rcel&nbsp;<\/strong>y la otra 3.<\/p>\n\n\n\n<p>Est\u00e1 previsto que la jornada empiece al mediod\u00eda, aunque todo podr\u00eda atrasarse. El juez Ignacio Racca, del Tribunal en lo Criminal N\u00ba 3 de Mercedes, deber\u00e1 resolver si condena o no al artista.<\/p>\n\n\n\n<figure class=\"wp-block-image\"><img decoding=\"async\" src=\"https:\/\/tn.com.ar\/resizer\/v2\/l-gante-podria-ser-condenado-a-12-anos-de-carcel-foto-tncomaragustina-ribo-E5YGPDZ4PJECTDXKKEULILEWXE.jpg?auth=f568a8a2818304b8f3b2df77432b33b70a188de74edd2e74d83fae047705824b&amp;width=767\" alt=\"L-Gante podr\u00eda ser condenado a 12 a\u00f1os de c\u00e1rcel. (Foto: TN.com.ar\/Agustina Rib\u00f3)\"\/><figcaption class=\"wp-element-caption\">L-Gante podr\u00eda ser condenado a 12 a\u00f1os de c\u00e1rcel. (Foto: TN.com.ar\/Agustina Rib\u00f3)<\/figcaption><\/figure>\n\n\n\n<p>En di\u00e1logo con&nbsp;<strong>TN<\/strong>, Pablo Becerra, que representa al denunciante Gast\u00f3n Torres, indic\u00f3: \u201cEstamos a la espera de una sentencia condenatoria de una&nbsp;<strong>pena de cumplimiento efectivo<\/strong>. Nosotros pedimos que Valenzuela quede detenido, pero tenemos pocas expectativas a que nos hagan lugar\u201d.<\/p>\n\n\n\n<p>Por su parte, Luciano Locatelli, abogado del cantante, dijo que no est\u00e1 seguro de lo que vaya a pasar durante la audiencia, aunque cree que \u201cla privaci\u00f3n ileg\u00edtima de la libertad no puede prosperar\u201d.<\/p>\n\n\n\n<p>Cuando al cantante le dieron la posibilidad de hablar antes de conocerse el veredicto, fue tajante. \u201c<strong>Soy inocente y hoy estoy en esta sala de juicio porque no quise poner dinero.&nbsp;<\/strong>Salvo el se\u00f1or fiscal, que me parece una persona honorable, que hace bien su trabajo y nos ha dado un discurso conmovedor, el resto (por los representantes de la querella) tiene una imaginaci\u00f3n de director de cine o de un ni\u00f1o mentiroso\u201d, lanz\u00f3.<\/p>\n","protected":false},"excerpt":{"rendered":"<p>A horas de conocerse el veredicto en el juicio por amenazas y privaci\u00f3n ileg\u00edtima de la libertad contra\u00a0L-Gante,\u00a0el referente de la Cumbia 420 reposte\u00f3 una publicaci\u00f3n de una cuenta de&hellip; <\/p>\n","protected":false},"author":12,"featured_media":168630,"comment_status":"closed","ping_status":"open","sticky":false,"template":"","format":"standard","meta":{"footnotes":""},"categories":[1],"tags":[],"class_list":["post-168629","post","type-post","status-publish","format-standard","has-post-thumbnail","hentry","category-informacion-general"],"_links":{"self":[{"href":"https:\/\/corrientesdetarde.com\/index.php\/wp-json\/wp\/v2\/posts\/168629","targetHints":{"allow":["GET"]}}],"collection":[{"href":"https:\/\/corrientesdetarde.com\/index.php\/wp-json\/wp\/v2\/posts"}],"about":[{"href":"https:\/\/corrientesdetarde.com\/index.php\/wp-json\/wp\/v2\/types\/post"}],"author":[{"embeddable":true,"href":"https:\/\/corrientesdetarde.com\/index.php\/wp-json\/wp\/v2\/users\/12"}],"replies":[{"embeddable":true,"href":"https:\/\/corrientesdetarde.com\/index.php\/wp-json\/wp\/v2\/comments?post=168629"}],"version-history":[{"count":2,"href":"https:\/\/corrientesdetarde.com\/index.php\/wp-json\/wp\/v2\/posts\/168629\/revisions"}],"predecessor-version":[{"id":168632,"href":"https:\/\/corrientesdetarde.com\/index.php\/wp-json\/wp\/v2\/posts\/168629\/revisions\/168632"}],"wp:featuredmedia":[{"embeddable":true,"href":"https:\/\/corrientesdetarde.com\/index.php\/wp-json\/wp\/v2\/media\/168630"}],"wp:attachment":[{"href":"https:\/\/corrientesdetarde.com\/index.php\/wp-json\/wp\/v2\/media?parent=168629"}],"wp:term":[{"taxonomy":"category","embeddable":true,"href":"https:\/\/corrientesdetarde.com\/index.php\/wp-json\/wp\/v2\/categories?post=168629"},{"taxonomy":"post_tag","embeddable":true,"href":"https:\/\/corrientesdetarde.com\/index.php\/wp-json\/wp\/v2\/tags?post=168629"}],"curies":[{"name":"wp","href":"https:\/\/api.w.org\/{rel}","templated":true}]}}