{"id":168633,"date":"2024-10-28T08:30:09","date_gmt":"2024-10-28T11:30:09","guid":{"rendered":"https:\/\/corrientesdetarde.com\/?p=168633"},"modified":"2024-10-28T08:30:14","modified_gmt":"2024-10-28T11:30:14","slug":"con-el-paro-de-transporte-y-la-huelga-de-estatales-el-gobierno-enfrenta-otra-semana-de-tension-en-la-calle","status":"publish","type":"post","link":"https:\/\/corrientesdetarde.com\/index.php\/politica\/con-el-paro-de-transporte-y-la-huelga-de-estatales-el-gobierno-enfrenta-otra-semana-de-tension-en-la-calle\/","title":{"rendered":"Con el paro de transporte y la huelga de estatales, el Gobierno enfrenta otra semana de tensi\u00f3n en la calle"},"content":{"rendered":"\n<p><\/p>\n\n\n\n<p>Se recalienta el enfrentamiento entre\u00a0<strong>el Gobierno y los gremios<\/strong>, y el conflicto tendr\u00e1 su correlato en la calle durante la pr\u00f3xima semana a ra\u00edz del\u00a0<strong>paro de transporte y los estatales<\/strong>, al que se sumar\u00e1n los<strong>\u00a0universitarios<\/strong>.<\/p>\n\n\n\n<p>La\u00a0<strong>Mesa Nacional del Transporte<\/strong>, integrada por los gremios del sector, encabezar\u00e1 la medida del\u00a0mi\u00e9rcoles 30 de octubre\u00a0contra el gobierno de\u00a0<strong>Javier Milei<\/strong>, al que se plegar\u00e1n los\u00a0<strong>estatales\u00a0<\/strong>de\u00a0<strong>ATE<\/strong>.<\/p>\n\n\n\n<p>Durante la \u00faltima semana, en un encuentro encabezado por el secretario general de la&nbsp;<strong>CGT&nbsp;<\/strong>y adjunto de Camioneros,&nbsp;<strong>Pablo Moyano<\/strong>,y el secretario general de Camioneros,&nbsp;<strong>Hugo Moyano<\/strong>, los sindicalistas ratificaron la medida de fuerza en rechazo \u201cal ajuste, el&nbsp;<strong>aumento de los boletos<\/strong>&nbsp;tras la quita de subsidios, el&nbsp;<strong>intento de privatizaci\u00f3n de Aerol\u00edneas Argentinas<\/strong>, el ataque a los&nbsp;<strong>jubilados&nbsp;<\/strong>y el aumento de la&nbsp;<strong>pobreza<\/strong>\u201d.<\/p>\n\n\n\n<p>El s\u00e1bado,\u00a0<strong>Pablo Moyano<\/strong>\u00a0apunt\u00f3 contra la c\u00fapula de la\u00a0Uni\u00f3n Tranviario Automotor (<strong>UTA<\/strong>)\u00a0por no adherirse al paro. \u201c<strong>Tendr\u00e1n sus razones, lo juzgar\u00e1 la historia<\/strong>\u201d, se\u00f1al\u00f3.<\/p>\n\n\n\n<figure class=\"wp-block-image\"><img decoding=\"async\" src=\"https:\/\/tn.com.ar\/resizer\/v2\/pablo-moyano-cruzo-a-la-cupula-de-la-uta-por-el-paro-del-30-de-octubre-foto-tn-leandro-heredia-LSWA3DZZAFFITI5HJBDUBEHQGI.jpg?auth=240cdb0b4d1244f5649ba6ad8fab044b9948ece1c45b7293adfd3521497d394a&amp;width=767\" alt=\"Pablo Moyano cruz\u00f3 a la c\u00fapula de la UTA por el paro del 30 de octubre. (Foto: TN \/ Leandro Heredia)\"\/><figcaption class=\"wp-element-caption\">Pablo Moyano cruz\u00f3 a la c\u00fapula de la UTA por el paro del 30 de octubre. (Foto: TN \/ Leandro Heredia)<\/figcaption><\/figure>\n\n\n\n<h2 class=\"wp-block-heading\">\u201cNo se descartan cortes de ruta\u201d<\/h2>\n\n\n\n<p>\u201cNo damos m\u00e1s. En menos de un a\u00f1o han destrozado la vida de los trabajadores, jubilados y de todas nuestras familias. El paro de 36 horas de los estatales y el de transporte van a golpear fuerte al Presidente y a sus mandantes\u201d, dijo&nbsp;<strong>Rodolfo Aguiar<\/strong>, secretario general de ATE.<\/p>\n\n\n\n<p>En conversaci\u00f3n con&nbsp;<strong>TN<\/strong>, el titular del gremio que nuclea a los empleados p\u00fablicos detall\u00f3 que la medida&nbsp;<strong>\u201cempieza el 29 al mediod\u00eda&nbsp;<\/strong>y a partir de las 12 horas vamos a concentrar en el Obelisco\u201d. Y advirti\u00f3: \u201cHabr\u00e1 manifestaciones en todas las provincias y&nbsp;<strong>no se descartan algunos cortes de ruta\u201d.<\/strong><\/p>\n\n\n\n<p>Entre las demandas que impulsan la movilizaci\u00f3n, Aguiar mencion\u00f3 la reapertura de paritarias.&nbsp;<strong>\u201cEl Gobierno ha congelado las negociaciones salariales en la administraci\u00f3n p\u00fablica nacional.&nbsp;<\/strong>Otorg\u00f3 un miserable 1% de aumento para octubre. Por supuesto que eso resulta inaceptable\u201d, remarc\u00f3.<\/p>\n\n\n\n<p>En medio del\u00a0<strong>conflicto entre el Gobierno y la UBA<\/strong>\u00a0por las auditor\u00edas impulsadas por el Poder Ejecutivo, los\u00a0<strong>universitarios\u00a0<\/strong>anunciaron que se sumar\u00e1n al paro de transporte.<\/p>\n\n\n\n<p>Bajo la consigna de \u201cunidad para fortalecer las luchas\u201d, desde la&nbsp;<strong>Federaci\u00f3n Nacional de Docentes Universitarios (CONADU)&nbsp;<\/strong>se\u00f1alaron: \u201cCon una&nbsp;<strong>p\u00e9rdida salarial que supera el 30%<\/strong>&nbsp;en t\u00e9rminos reales y un atraso de m\u00e1s de 60 puntos respecto a la inflaci\u00f3n desde la asunci\u00f3n de&nbsp;<strong>Javier Milei<\/strong>, la docencia universitaria&nbsp;<strong>no ha recibido respuesta en el \u00e1mbito paritario<\/strong>\u201d.<\/p>\n\n\n\n<figure class=\"wp-block-image\"><img decoding=\"async\" src=\"https:\/\/tn.com.ar\/resizer\/v2\/los-universitarios-se-suman-al-paro-foto-nicolas-gonzaleztn-MLN4BDQD6FACLJRMH6K5SR2IJI.jpg?auth=54553be95956bf3d6e130d618bf5d1e07b3998be2c4d53daf4c2f490e4bfb8f7&amp;width=767\" alt=\"Los universitarios se suman al paro. (Foto: Nicol\u00e1s Gonz\u00e1lez\/TN)\"\/><figcaption class=\"wp-element-caption\">Los universitarios se suman al paro. (Foto: Nicol\u00e1s Gonz\u00e1lez\/TN)<\/figcaption><\/figure>\n\n\n\n<p><\/p>\n\n\n\n<h2 class=\"wp-block-heading\">Paro de transporte: qu\u00e9 servicios se ver\u00e1n afectados el 30 de octubre<\/h2>\n\n\n\n<p>El paro de transporte nacional del 30 de octubre afecta en gran parte a los servicios de transporte p\u00fablico y de carga. La medida de fuerza fue anunciada por la\u00a0<strong>Mesa Nacional del Transporte<\/strong>, integrada por los gremios del sector.<\/p>\n\n\n\n<p>A continuaci\u00f3n, los servicios de transporte que no funcionar\u00e1n por el paro nacional del 30 de octubre:<\/p>\n\n\n\n<ul class=\"wp-block-list\">\n<li><strong>Camiones<\/strong><\/li>\n\n\n\n<li><strong>Trenes<\/strong><\/li>\n\n\n\n<li><strong>Subtes<\/strong><\/li>\n\n\n\n<li><strong>Aviones<\/strong><\/li>\n<\/ul>\n","protected":false},"excerpt":{"rendered":"<p>Se recalienta el enfrentamiento entre\u00a0el Gobierno y los gremios, y el conflicto tendr\u00e1 su correlato en la calle durante la pr\u00f3xima semana a ra\u00edz del\u00a0paro de transporte y los estatales,&hellip; <\/p>\n","protected":false},"author":12,"featured_media":168638,"comment_status":"closed","ping_status":"open","sticky":false,"template":"","format":"standard","meta":{"footnotes":""},"categories":[3],"tags":[],"class_list":["post-168633","post","type-post","status-publish","format-standard","has-post-thumbnail","hentry","category-politica"],"_links":{"self":[{"href":"https:\/\/corrientesdetarde.com\/index.php\/wp-json\/wp\/v2\/posts\/168633","targetHints":{"allow":["GET"]}}],"collection":[{"href":"https:\/\/corrientesdetarde.com\/index.php\/wp-json\/wp\/v2\/posts"}],"about":[{"href":"https:\/\/corrientesdetarde.com\/index.php\/wp-json\/wp\/v2\/types\/post"}],"author":[{"embeddable":true,"href":"https:\/\/corrientesdetarde.com\/index.php\/wp-json\/wp\/v2\/users\/12"}],"replies":[{"embeddable":true,"href":"https:\/\/corrientesdetarde.com\/index.php\/wp-json\/wp\/v2\/comments?post=168633"}],"version-history":[{"count":2,"href":"https:\/\/corrientesdetarde.com\/index.php\/wp-json\/wp\/v2\/posts\/168633\/revisions"}],"predecessor-version":[{"id":168640,"href":"https:\/\/corrientesdetarde.com\/index.php\/wp-json\/wp\/v2\/posts\/168633\/revisions\/168640"}],"wp:featuredmedia":[{"embeddable":true,"href":"https:\/\/corrientesdetarde.com\/index.php\/wp-json\/wp\/v2\/media\/168638"}],"wp:attachment":[{"href":"https:\/\/corrientesdetarde.com\/index.php\/wp-json\/wp\/v2\/media?parent=168633"}],"wp:term":[{"taxonomy":"category","embeddable":true,"href":"https:\/\/corrientesdetarde.com\/index.php\/wp-json\/wp\/v2\/categories?post=168633"},{"taxonomy":"post_tag","embeddable":true,"href":"https:\/\/corrientesdetarde.com\/index.php\/wp-json\/wp\/v2\/tags?post=168633"}],"curies":[{"name":"wp","href":"https:\/\/api.w.org\/{rel}","templated":true}]}}