{"id":168634,"date":"2024-10-28T08:27:51","date_gmt":"2024-10-28T11:27:51","guid":{"rendered":"https:\/\/corrientesdetarde.com\/?p=168634"},"modified":"2024-10-28T08:27:58","modified_gmt":"2024-10-28T11:27:58","slug":"el-dramatico-relato-del-comisario-que-intento-salvar-al-nene-de-dos-anos-que-murio-ahogado-en-chubut","status":"publish","type":"post","link":"https:\/\/corrientesdetarde.com\/index.php\/internacionales\/el-dramatico-relato-del-comisario-que-intento-salvar-al-nene-de-dos-anos-que-murio-ahogado-en-chubut\/","title":{"rendered":"El dram\u00e1tico relato del comisario que intent\u00f3 salvar al nene de dos a\u00f1os que muri\u00f3 ahogado en Chubut"},"content":{"rendered":"\n<p><\/p>\n\n\n\n<p>Un\u00a0<strong>nene de dos a\u00f1os y medio muri\u00f3 este domingo<\/strong>luego de caer al R\u00edo Nant y Fall y ser arrastrado por la corriente en la localidad chubutense de Trevelin. La v\u00edctima\u00a0<strong>hab\u00eda ido de picnic con su familia\u00a0<\/strong>y fue encontrado a mil metros de donde cay\u00f3.<\/p>\n\n\n\n<p>El dram\u00e1tico episodio ocurri\u00f3 durante la tarde de este domingo, en la vera del r\u00edo en el cauce del arroyo Nant y Fall,\u00a0<strong>ubicado en un establecimiento agrotur\u00edstico\u00a0<\/strong>a unos 13 kil\u00f3metros del casco urbano,\u00a0<strong>en direcci\u00f3n al paraje Los Cipreses por la Ruta Nacional 259.<\/strong><\/p>\n\n\n\n<p>El nene estaba dando vueltas por el lugar, hasta que&nbsp;<strong>sus padres lo perdieron de vista y cay\u00f3 al r\u00edo.&nbsp;<\/strong>Al percatarse de la ausencia de su hijo, los mayores dieron aviso al Jefe de la Unidad Regional Esquel, el Comisario&nbsp;<strong>Mayor<\/strong>&nbsp;<strong>Melipil,&nbsp;<\/strong>quien tambi\u00e9n estaba en el lugar pasando un d\u00eda con su familia.<\/p>\n\n\n\n<p>\u201cLlegue con la familia al lugar para pasar el d\u00eda, cuando llego tomo conocimiento de que hab\u00eda ocurrido el evento que se hab\u00eda perdido o que se hab\u00eda ca\u00eddo en el r\u00edo. Todo esto&nbsp;<strong>gener\u00f3 un amplio rastrillaje de b\u00fasqueda tanto por el agua como por tierra\u201d<\/strong>, relat\u00f3 Melipil en di\u00e1logo con el medio local<em>&nbsp;EQS.<\/em><\/p>\n\n\n\n<p>Melipil explic\u00f3 que se dio aviso a las autoridades policiales de Trevelin y a los bomberos locales para llevar adelante un extenso operativo. \u201cTodo fue muy r\u00e1pido y espont\u00e1neo, hasta se supon\u00eda que pod\u00eda haber salido caminando por alg\u00fan lado\u201d, detall\u00f3.<\/p>\n\n\n\n<p>Fue un vecino de la zona, que se hab\u00eda plegado a la b\u00fasqueda por sus propios medios, quien encontr\u00f3 a la v\u00edctima a unos&nbsp;<strong>mil metros del lugar de donde hab\u00eda ca\u00eddo al r\u00edo<\/strong>. De inmediato se llevaron a cabo&nbsp;<strong>maniobras de reanimaci\u00f3n&nbsp;<\/strong>en el lugar y tambi\u00e9n se solicit\u00f3 la presencia de una ambulancia para trasladar de forma urgente al menor.<\/p>\n\n\n\n<figure class=\"wp-block-image\"><img decoding=\"async\" src=\"https:\/\/tn.com.ar\/resizer\/v2\/un-nene-de-2-anos-y-medio-murio-en-un-tragico-accidente-en-el-rio-nant-y-fall-en-trevelin-foto-gentileza-adn-sur-EJ2KLGLEPJEGNPVUHGODGZYUAM.jpg?auth=b25c0025aa3454a424bfbe2c855a6d3056504bbc4d76277f87090cfeeb3a4a4c&amp;width=767\" alt=\"Un nene de 2 a\u00f1os y medio muri\u00f3 en un tr\u00e1gico accidente en el r\u00edo Nant y Fall, en Trevelin. (Foto: gentileza ADN Sur).\"\/><figcaption class=\"wp-element-caption\">Un nene de 2 a\u00f1os y medio muri\u00f3 en un tr\u00e1gico accidente en el r\u00edo Nant y Fall, en Trevelin. (Foto: gentileza ADN Sur).<\/figcaption><\/figure>\n\n\n\n<p>El nene fue trasladado de urgencia hasta el hospital m\u00e1s cercano de la localidad de Trevelin, pero a pesar de los esfuerzos realizados por el personal de salud, minutos m\u00e1s tarde se confirm\u00f3 su muerte por&nbsp;<strong>asfixia a causa de inmersi\u00f3n<\/strong>.<\/p>\n\n\n\n<p>Tanto la identidad del nene como la de la familia no trascendi\u00f3 hasta el momento, pero el comisario mayor Melipil brind\u00f3 m\u00e1s detalles: \u201cSon oriundos de una provincia del norte del pa\u00eds, pero&nbsp;<strong>hace un tiempo se encontraban por cuestiones laborales en Esquel<\/strong>&nbsp;y hab\u00edan ido a pasar un d\u00eda en familia\u201d.<\/p>\n\n\n\n<p>La causa, hasta el momento, fue caratulada como\u00a0<strong>\u201cmuerte por inmersi\u00f3n con averiguaci\u00f3n de causales de muerte\u201d.<\/strong><\/p>\n\n\n\n<p>\u201cHab\u00edan ido a pasar el d\u00eda, quiz\u00e1s&nbsp;<strong>un descuido circunstancial termin\u00f3 con un lamentable suceso<\/strong>. No es un arroyo amplio, no tiene las caracter\u00edsticas de la zona cordillerana, pero por estos d\u00edas ten\u00eda mucho deshielo de cordillera y ten\u00eda mucha correntada\u201d, explic\u00f3 Melipil.<\/p>\n\n\n\n<p>La Divisi\u00f3n Criminal\u00edstica y del Servicio de Asistencia a la V\u00edctima del Delito (SAVD) tambi\u00e9n intervino en el hecho, al igual que las autoridades policiales locales y el personal de la Subsecretar\u00eda de Protecci\u00f3n Civil. A su vez, la familia del nene recibe contenci\u00f3n&nbsp;<strong>psicol\u00f3gica<\/strong>.<\/p>\n","protected":false},"excerpt":{"rendered":"<p>Un\u00a0nene de dos a\u00f1os y medio muri\u00f3 este domingoluego de caer al R\u00edo Nant y Fall y ser arrastrado por la corriente en la localidad chubutense de Trevelin. La v\u00edctima\u00a0hab\u00eda&hellip; <\/p>\n","protected":false},"author":12,"featured_media":168635,"comment_status":"closed","ping_status":"open","sticky":false,"template":"","format":"standard","meta":{"footnotes":""},"categories":[11],"tags":[],"class_list":["post-168634","post","type-post","status-publish","format-standard","has-post-thumbnail","hentry","category-internacionales"],"_links":{"self":[{"href":"https:\/\/corrientesdetarde.com\/index.php\/wp-json\/wp\/v2\/posts\/168634","targetHints":{"allow":["GET"]}}],"collection":[{"href":"https:\/\/corrientesdetarde.com\/index.php\/wp-json\/wp\/v2\/posts"}],"about":[{"href":"https:\/\/corrientesdetarde.com\/index.php\/wp-json\/wp\/v2\/types\/post"}],"author":[{"embeddable":true,"href":"https:\/\/corrientesdetarde.com\/index.php\/wp-json\/wp\/v2\/users\/12"}],"replies":[{"embeddable":true,"href":"https:\/\/corrientesdetarde.com\/index.php\/wp-json\/wp\/v2\/comments?post=168634"}],"version-history":[{"count":2,"href":"https:\/\/corrientesdetarde.com\/index.php\/wp-json\/wp\/v2\/posts\/168634\/revisions"}],"predecessor-version":[{"id":168637,"href":"https:\/\/corrientesdetarde.com\/index.php\/wp-json\/wp\/v2\/posts\/168634\/revisions\/168637"}],"wp:featuredmedia":[{"embeddable":true,"href":"https:\/\/corrientesdetarde.com\/index.php\/wp-json\/wp\/v2\/media\/168635"}],"wp:attachment":[{"href":"https:\/\/corrientesdetarde.com\/index.php\/wp-json\/wp\/v2\/media?parent=168634"}],"wp:term":[{"taxonomy":"category","embeddable":true,"href":"https:\/\/corrientesdetarde.com\/index.php\/wp-json\/wp\/v2\/categories?post=168634"},{"taxonomy":"post_tag","embeddable":true,"href":"https:\/\/corrientesdetarde.com\/index.php\/wp-json\/wp\/v2\/tags?post=168634"}],"curies":[{"name":"wp","href":"https:\/\/api.w.org\/{rel}","templated":true}]}}