{"id":168652,"date":"2024-10-28T09:54:13","date_gmt":"2024-10-28T12:54:13","guid":{"rendered":"https:\/\/corrientesdetarde.com\/?p=168652"},"modified":"2024-10-28T09:54:26","modified_gmt":"2024-10-28T12:54:26","slug":"la-junta-electoral-del-pj-rechazo-la-lista-de-quintela-2","status":"publish","type":"post","link":"https:\/\/corrientesdetarde.com\/index.php\/politica\/la-junta-electoral-del-pj-rechazo-la-lista-de-quintela-2\/","title":{"rendered":"La Junta Electoral del PJ rechaz\u00f3 la lista de Quintela"},"content":{"rendered":"\n<p><strong>Los apoderados del gobernador riojano hab\u00edan recusado a la junta y reclamado la oficalizaci\u00f3n de su l\u00ednea; el organismo lo rechaz\u00f3 y orden\u00f3 seguir con el calendario electoral.<\/strong><\/p>\n\n\n\n<p>La&nbsp;Junta Electoral del Partido Justicialista nacional rechaz\u00f3 la lista de Ricardo Quintela, quien pretende competir contra&nbsp;Cristina Kirchner&nbsp;por la presidencia partidaria. Luego de impugnaciones y reclamos a la n\u00f3mina del gobernador de La Rioja, sus apoderados hab\u00edan solicitado que se oficializara&nbsp;su candidatura, lo que este domingo neg\u00f3 la junta electoral. Al mandatario provincial no le quedan instancias de apelaci\u00f3n dentro del partido, por lo que&nbsp;recurrir\u00e1 a la Justicia federal.<\/p>\n\n\n\n<p>En una resoluci\u00f3n que lleva el n\u00famero 6 y se public\u00f3 a las 18.30 de este domingo, la junta orden\u00f3&nbsp;\u201cno oficializar la lista \u2018Federales, un grito de coraz\u00f3n\u2019 por no reunir los requisitos reglamentarios\u201d. Adem\u00e1s, rechaz\u00f3 las recusaciones a la composici\u00f3n del organismo electoral partidario que hab\u00edan presentado los apoderados de la lista de Quintela,&nbsp;Jorge Yoma,&nbsp;Daniel Llermanos&nbsp;y&nbsp;Sandra Vanni. Entre otros puntos, hab\u00edan acusado a la junta de actuar con parcialidad en favor de la lista de Cristina.<\/p>\n\n\n\n<p>La junta electoral del partido es presidida por Armando Cabrera, un diputado provincial formose\u00f1o leal al gobernador&nbsp;Gildo Insfr\u00e1n.&nbsp;\u201cSe agot\u00f3 la instancia partidaria\u201d, subray\u00f3 una fuente que conoce la din\u00e1mica electoral interna del peronismo.<\/p>\n\n\n\n<p>Luego de un fin de semana en el que Quintela recibi\u00f3 rechazos de la junta a los avales de su lista (a lo que se sumaron dos renuncias de candidatos propios, de la provincia de Tierra del Fuego), los apoderados de la n\u00f3mina hab\u00edan recusado a la junta, reclamado que se suspendieran \u201ctodos los plazos y tr\u00e1mites\u201d del proceso electoral, y solicitado que se convocara a las partes en disputa para \u201cacordar la conformaci\u00f3n de una nueva Junta Electoral con representaci\u00f3n igualitaria\u201d. Adem\u00e1s, hab\u00edan advertido que recurrir\u00edan a una \u201capelaci\u00f3n judicial\u201d contra \u201cla resoluci\u00f3n N\u00b05\u2033 (que menciona que a la n\u00f3mina le faltan 13.714 avales, entre otros cuestionamientos), y solicitaban la oficializaci\u00f3n de la lista.<\/p>\n\n\n\n<p>Los apoderados de Quintela hab\u00edan se\u00f1alado que la Junta Electoral obr\u00f3 con \u201cmanifiesta parcialidad\u201d para \u201cfacilitar la oficializaci\u00f3n de la lista contraria\u201d y \u201cproscribir\u201d la del riojano. La junta contest\u00f3 que recibi\u00f3 todos los recursos \u201cdentro y fuera de los plazos\u201d y siempre resolvi\u00f3 \u201cpor unanimidad\u201d. Tambi\u00e9n, hab\u00edan criticado que los padrones no estaban actualizados, a lo que los integrantes de la junta contestaron que \u201cel padr\u00f3n fue provisto por la Justicia Federal Nacional con competencia electoral y no fue confeccionado por esta Junta\u201d.<\/p>\n\n\n\n<p>La junta le hab\u00eda otorgado plazo hasta las 11 de este domingo a los apoderados de Quintela para que subsanaran las inconsistencias que se les endilgaban, pero no se concret\u00f3 ninguna presentaci\u00f3n. \u201cVencido el plazo dado en la resoluci\u00f3n de marras impugnada, el que oper\u00f3 a las 11 hs. del presente, y no habiendo recibido esta Junta Electoral la totalidad de la documentaci\u00f3n solicitada, es que debe proseguir el tr\u00e1mite electoral en curso, por cuanto es necesario realizar el acto que corresponde a esta etapa, no oficializando la lista \u2018Federales, un grito de Coraz\u00f3n\u2019\u201d, se plante\u00f3 en la resoluci\u00f3n de esta tarde.<\/p>\n\n\n\n<p>La junta peronista tiene 15 integrantes. Seg\u00fan se pudo saber de fuentes partidarias,&nbsp;la resoluci\u00f3n que dio de baja la lista de Quintela se tom\u00f3 con 13 votos a favor y uno en contra&nbsp;(el de la diputada&nbsp;Hilda Aguirre \u201cBeba\u201d de Soria, aliada de Quintela). Hubo un ausente.<\/p>\n\n\n\n<p>El organismo partidario aclar\u00f3 en su resoluci\u00f3n que el plazo para presentar listas venc\u00eda el 19 de octubre. \u201cLa Junta facilit\u00f3 la participaci\u00f3n de la lista en la competencia electoral, d\u00e1ndole un tiempo extra para cumplir con una exigencia\u201d, se subray\u00f3 en la resoluci\u00f3n. Adem\u00e1s de rechazar la lista del gobernador de La Rioja, se defini\u00f3 \u201cno suspender el curso de este proceso electoral\u201d.<\/p>\n\n\n\n<p>Quintela viajar\u00e1 este lunes a Buenos Aires y analizar\u00e1 los pasos a seguir, aunque desde su sector ya adelantaron que prev\u00e9n judicializar el conflicto justicialista. La presentaci\u00f3n terminar\u00e1 ante el juzgado federal de&nbsp;Mar\u00eda Servini, la magistrada con competencia electoral nacional en la ciudad de Buenos Aires, aunque primero los apoderados de Quintela la llevar\u00e1n a la junta partidaria, que luego deber\u00eda acercarla al juzgado. \u201cVamos a pedirle a Servini que intime al Partido Justicialista a realizar su proceso electoral interno en 120 d\u00edas, antes de que venza el mandato de las actuales autoridades, que garantice la participaci\u00f3n de los 3 millones de afiliados peronistas. No nos dejaron votar. Claramente, nos proscribieron. Impidieron que el pueblo peronista se exprese\u201d, afirm\u00f3 Jorge Yoma.<\/p>\n","protected":false},"excerpt":{"rendered":"<p>Los apoderados del gobernador riojano hab\u00edan recusado a la junta y reclamado la oficalizaci\u00f3n de su l\u00ednea; el organismo lo rechaz\u00f3 y orden\u00f3 seguir con el calendario electoral. La&nbsp;Junta Electoral&hellip; <\/p>\n","protected":false},"author":12,"featured_media":168662,"comment_status":"closed","ping_status":"open","sticky":false,"template":"","format":"standard","meta":{"footnotes":""},"categories":[3],"tags":[],"class_list":["post-168652","post","type-post","status-publish","format-standard","has-post-thumbnail","hentry","category-politica"],"_links":{"self":[{"href":"https:\/\/corrientesdetarde.com\/index.php\/wp-json\/wp\/v2\/posts\/168652","targetHints":{"allow":["GET"]}}],"collection":[{"href":"https:\/\/corrientesdetarde.com\/index.php\/wp-json\/wp\/v2\/posts"}],"about":[{"href":"https:\/\/corrientesdetarde.com\/index.php\/wp-json\/wp\/v2\/types\/post"}],"author":[{"embeddable":true,"href":"https:\/\/corrientesdetarde.com\/index.php\/wp-json\/wp\/v2\/users\/12"}],"replies":[{"embeddable":true,"href":"https:\/\/corrientesdetarde.com\/index.php\/wp-json\/wp\/v2\/comments?post=168652"}],"version-history":[{"count":2,"href":"https:\/\/corrientesdetarde.com\/index.php\/wp-json\/wp\/v2\/posts\/168652\/revisions"}],"predecessor-version":[{"id":168664,"href":"https:\/\/corrientesdetarde.com\/index.php\/wp-json\/wp\/v2\/posts\/168652\/revisions\/168664"}],"wp:featuredmedia":[{"embeddable":true,"href":"https:\/\/corrientesdetarde.com\/index.php\/wp-json\/wp\/v2\/media\/168662"}],"wp:attachment":[{"href":"https:\/\/corrientesdetarde.com\/index.php\/wp-json\/wp\/v2\/media?parent=168652"}],"wp:term":[{"taxonomy":"category","embeddable":true,"href":"https:\/\/corrientesdetarde.com\/index.php\/wp-json\/wp\/v2\/categories?post=168652"},{"taxonomy":"post_tag","embeddable":true,"href":"https:\/\/corrientesdetarde.com\/index.php\/wp-json\/wp\/v2\/tags?post=168652"}],"curies":[{"name":"wp","href":"https:\/\/api.w.org\/{rel}","templated":true}]}}