{"id":168679,"date":"2024-10-28T10:24:35","date_gmt":"2024-10-28T13:24:35","guid":{"rendered":"https:\/\/corrientesdetarde.com\/?p=168679"},"modified":"2024-10-28T10:25:05","modified_gmt":"2024-10-28T13:25:05","slug":"las-ferias-de-la-ciudad-cierran-octubre-con-nuevorecorrido-y-festejo-el-fin-de-semana","status":"publish","type":"post","link":"https:\/\/corrientesdetarde.com\/index.php\/informacion-general\/las-ferias-de-la-ciudad-cierran-octubre-con-nuevorecorrido-y-festejo-el-fin-de-semana\/","title":{"rendered":"Las Ferias de la Ciudad cierran octubre con nuevorecorrido\u00a0y festejo el fin de semana"},"content":{"rendered":"\n<p><br><br><em>Del martes 29 de octubre al domingo 3 de noviembre, los feriantes llevar\u00e1n su oferta de productos frescos y a precios convenientes a distintos parques, plazas y paseos de la capital. Se trata de una acci\u00f3n coordinada por la Secretar\u00eda de Desarrollo Econ\u00f3mico Municipal, a trav\u00e9s de la Subsecretar\u00eda de Econom\u00eda Social. \u00a0El s\u00e1bado 2 y domingo 3, se celebrar\u00e1 el D\u00eda del Feriante Municipal y Ferias Conectadas en Paseo Arazaty.<\/em><br>\u00a0<\/p>\n\n\n\n<p>La Municipalidad de Corrientes defini\u00f3 la nueva programaci\u00f3n de las Ferias de la Ciudad, que llegar\u00e1n a distintos espacios p\u00fablicos desde el martes 29 de octubre al domingo 3 de noviembre. La semana finalizar\u00e1 con actividades extras en el Paseo Arazaty, para celebrar el D\u00eda del Feriante Municipal y Ferias Conectadas.<br><br>El recorrido iniciar\u00e1 el martes 29 en la plaza Torrent (San Lorenzo y Bol\u00edvar) y la plaza Los Amigos (por Brasil, frente a la Escuela 6) en el barrio Libertad. Y el mi\u00e9rcoles 30 las ferias estar\u00e1n en la plaza Torrent (San Lorenzo y Bol\u00edvar).\u00a0<br><br>El jueves 31 los puesteros se ubicar\u00e1n en plaza La Cruz, por calle Salta, en el barrio del mismo nombre.\u00a0<br><br>En tanto, el viernes 1 de noviembre se repetir\u00e1 la propuesta, en simult\u00e1neo, en la plaza Rep\u00fablica del Per\u00fa de las Mil Viviendas (Av. Patagonia entre Av. La Paz y Av. Paysand\u00fa); frente al Colegio Illia (Larrea al 3400) del barrio Laguna Seca; \u00a0en la plazoleta Los Inmigrantes (Av. Sarmiento y Ac. Fern\u00e1ndez); y en la plaza Evita (Sarmiento y Maip\u00fa), ambos del barrio Ber\u00f3n de Astrada.<br><br>El recorrido continuar\u00e1 el s\u00e1bado 2 y domingo 3, de 10 a 22, en el Paseo Arazaty. Ambos d\u00edas ser\u00e1 en el marco de Ferias Conectadas, con la propuesta habitual de plantas ornamentales, ofertas gastron\u00f3micas, artesan\u00edas y manualidades. Se sumar\u00e1n actividades extras para celebrar el D\u00eda del Feriante Municipal.<br><br><br>CRONOGRAMA COMPLETO\u00a0<br><br>Martes 29 de octubre: barrio Centro (plaza Torrent) y barrio Libertad (plazoleta Los Amigos)<br><br>Mi\u00e9rcoles 30 de octubre: barrio Centro (plaza Torrent)<br><br>Jueves 31 de octubre: barrio La Cruz (plaza La Cruz)<br><br>Viernes 1 de noviembre: barrio Mil Viviendas (plaza Rep\u00fablica del Per\u00fa), barrio Ber\u00f3n de Astrada (plazoleta Los Inmigrantes), barrio Laguna Seca (Larrea al 3400), barrio Ber\u00f3n de Astrada (plaza Evita)<br><br>S\u00e1bado 2 de noviembre: Ferias Conectadas en Paseo Arazaty (10 a 22)<br><br>Domingo 3 de noviembre: Ferias Conectadas en Paseo Arazaty (10 a 22)<\/p>\n\n\n\n<figure class=\"wp-block-image size-large\"><img loading=\"lazy\" decoding=\"async\" width=\"818\" height=\"1024\" src=\"https:\/\/corrientesdetarde.com\/wp-content\/uploads\/2024\/10\/68ff3f8a-31df-5b09-9dfc-3f429ee53ba5-818x1024.jpeg\" alt=\"\" class=\"wp-image-168681\" srcset=\"https:\/\/corrientesdetarde.com\/wp-content\/uploads\/2024\/10\/68ff3f8a-31df-5b09-9dfc-3f429ee53ba5-818x1024.jpeg 818w, https:\/\/corrientesdetarde.com\/wp-content\/uploads\/2024\/10\/68ff3f8a-31df-5b09-9dfc-3f429ee53ba5-240x300.jpeg 240w, https:\/\/corrientesdetarde.com\/wp-content\/uploads\/2024\/10\/68ff3f8a-31df-5b09-9dfc-3f429ee53ba5-768x961.jpeg 768w, https:\/\/corrientesdetarde.com\/wp-content\/uploads\/2024\/10\/68ff3f8a-31df-5b09-9dfc-3f429ee53ba5.jpeg 1023w\" sizes=\"auto, (max-width: 818px) 100vw, 818px\" \/><\/figure>\n\n\n\n<p><\/p>\n\n\n\n<p><\/p>\n","protected":false},"excerpt":{"rendered":"<p>Del martes 29 de octubre al domingo 3 de noviembre, los feriantes llevar\u00e1n su oferta de productos frescos y a precios convenientes a distintos parques, plazas y paseos de la&hellip; <\/p>\n","protected":false},"author":12,"featured_media":168682,"comment_status":"closed","ping_status":"open","sticky":false,"template":"","format":"standard","meta":{"footnotes":""},"categories":[1],"tags":[],"class_list":["post-168679","post","type-post","status-publish","format-standard","has-post-thumbnail","hentry","category-informacion-general"],"_links":{"self":[{"href":"https:\/\/corrientesdetarde.com\/index.php\/wp-json\/wp\/v2\/posts\/168679","targetHints":{"allow":["GET"]}}],"collection":[{"href":"https:\/\/corrientesdetarde.com\/index.php\/wp-json\/wp\/v2\/posts"}],"about":[{"href":"https:\/\/corrientesdetarde.com\/index.php\/wp-json\/wp\/v2\/types\/post"}],"author":[{"embeddable":true,"href":"https:\/\/corrientesdetarde.com\/index.php\/wp-json\/wp\/v2\/users\/12"}],"replies":[{"embeddable":true,"href":"https:\/\/corrientesdetarde.com\/index.php\/wp-json\/wp\/v2\/comments?post=168679"}],"version-history":[{"count":2,"href":"https:\/\/corrientesdetarde.com\/index.php\/wp-json\/wp\/v2\/posts\/168679\/revisions"}],"predecessor-version":[{"id":168685,"href":"https:\/\/corrientesdetarde.com\/index.php\/wp-json\/wp\/v2\/posts\/168679\/revisions\/168685"}],"wp:featuredmedia":[{"embeddable":true,"href":"https:\/\/corrientesdetarde.com\/index.php\/wp-json\/wp\/v2\/media\/168682"}],"wp:attachment":[{"href":"https:\/\/corrientesdetarde.com\/index.php\/wp-json\/wp\/v2\/media?parent=168679"}],"wp:term":[{"taxonomy":"category","embeddable":true,"href":"https:\/\/corrientesdetarde.com\/index.php\/wp-json\/wp\/v2\/categories?post=168679"},{"taxonomy":"post_tag","embeddable":true,"href":"https:\/\/corrientesdetarde.com\/index.php\/wp-json\/wp\/v2\/tags?post=168679"}],"curies":[{"name":"wp","href":"https:\/\/api.w.org\/{rel}","templated":true}]}}