{"id":16871,"date":"2022-11-04T09:14:14","date_gmt":"2022-11-04T12:14:14","guid":{"rendered":"https:\/\/corrientesdetarde.com\/?p=16871"},"modified":"2022-11-04T09:14:18","modified_gmt":"2022-11-04T12:14:18","slug":"procesaron-a-los-cuatro-miembros-de-revolucion-federal-excarcelados","status":"publish","type":"post","link":"https:\/\/corrientesdetarde.com\/index.php\/politica\/procesaron-a-los-cuatro-miembros-de-revolucion-federal-excarcelados\/","title":{"rendered":"Procesaron a los cuatro miembros de Revoluci\u00f3n Federal excarcelados"},"content":{"rendered":"\n<p>Jonathan Morel, Leonardo Sosa, Gast\u00f3n Guerra y Sabrina Basile fueron procesados sin prisi\u00f3n preventiva por el juez federal\u00a0Marcelo Mart\u00ednez de Giorgi. Hab\u00edan sido liberados por orden de la C\u00e1mara Federal porte\u00f1a, decisi\u00f3n que fue rechazada por el oficialismo.<\/p>\n\n\n\n<p>El juez federal Marcelo Mart\u00ednez de Giorgi proces\u00f3 este jueves, sin prisi\u00f3n preventiva, a Jonathan Morel, Leonardo Sosa, Gast\u00f3n Guerra y Sabrina Basile, miembros de Revoluci\u00f3n Federal, a los que acus\u00f3 de llevar a cabo un plan criminal que tuvo por objeto imponer sus ideas y combatir las ajenas por la fuerza o el temor.<\/p>\n\n\n\n<p>&#8220;Pudo comprobarse que, con tal accionar, atentaron contra el orden p\u00fablico y ocasionaron un claro perjuicio a los bienes jur\u00eddicos de la paz social y la tranquilidad p\u00fablica necesarios para el funcionamiento de un Estado de Derecho&#8221;, concluy\u00f3 el magistrado tras enumerar a lo largo de 60 p\u00e1ginas todas las acciones violentas protagonizadas por los imputados.<\/p>\n\n\n\n<p>El juez sostuvo que &#8220;tanto por redes sociales como en las calles, realizaron actos y emitieron expresiones tendientes a alentar o incitar a la persecuci\u00f3n, a la violencia colectiva y a la propagaci\u00f3n del odio, constituy\u00e9ndose as\u00ed en uno de los actores que agitaron en la sociedad un clima de violencia social, cuyo acto de mayor gravedad institucional result\u00f3 ser el intento de magnicidio&#8221; de la vicepresidenta Cristina Fern\u00e1ndez de Kirchner.<\/p>\n\n\n\n<p>&#8220;Se considera materialmente acreditado que, a trav\u00e9s de esta organizaci\u00f3n, los\/as imputados\/as llevaron a cabo un plan criminal, que tuvo por objeto imponer sus ideas y combatir las ajenas por la fuerza o el temor&#8221;, sostuvo Mart\u00ednez de Giorgi en la resoluci\u00f3n a la que accedi\u00f3 T\u00e9lam.<\/p>\n\n\n\n<p>Para ello, continu\u00f3, &#8220;utilizaron sostenidamente en el tiempo manifestaciones intimidantes en distintas redes sociales -Facebook, Twitter e Instagram- y medios masivos de comunicaci\u00f3n, repartiendo folleter\u00eda y mediante protestas autoconvocadas, planificando, coordinando y difundiendo mensajes de odio, actos intimidatorios y manifestaciones violentas -principalmente en contra de autoridades del actual PEN y sus simpatizantes-&#8220;.<\/p>\n\n\n\n<p>&#8220;As\u00ed, generaron el impacto deseado de incitar a la violencia colectiva en un n\u00famero indeterminado de personas que pueden acceder libremente a las redes sociales mencionadas&#8221;, asever\u00f3 el magistrado en el marco de la causa en la que interviene tambi\u00e9n el fiscal Gerardo Pollicita.<\/p>\n\n\n\n<figure class=\"wp-block-image\"><img decoding=\"async\" src=\"https:\/\/www.lt7noticias.com\/content\/bucket\/3\/35353w770h503c.webp.webp\" alt=\"\"\/><\/figure>\n\n\n\n<p>Para los investigadores, la finalidad de los actos desarrollados por Revoluci\u00f3n Federal &#8220;fue incitar permanentemente a la renuncia de los personajes p\u00fablicos escrachados -pertenecientes a autoridades p\u00fablicas de la actual gesti\u00f3n de gobierno-, mediante propaganda de contenido violento y el activismo social convocado&#8221;.<\/p>\n\n\n\n<p>El juez destac\u00f3 en su fallo &#8220;la distribuci\u00f3n de folleter\u00eda y la utilizaci\u00f3n de determinadas insignias o lemas tales como \u00b4van a correr\u00b4 o \u00b4Todos presos, muertos o exiliados\u00b4 -entre otros-, replicados en forma masiva en distintos medios y redes sociales, que utilizaron como herramienta de difusi\u00f3n, y donde sus mensajes, como se dijo, alcanzaban a un sinn\u00famero de personas&#8221;.<\/p>\n\n\n\n<h2 class=\"wp-block-heading\">Las amenazas de Revoluci\u00f3n Federal<\/h2>\n\n\n\n<p>El juez consider\u00f3 en su resoluci\u00f3n la cronolog\u00eda de sucesos violentos relatada por el fiscal Pollicita en su dictamen del 18 de octubre en la que se indic\u00f3 que los integrantes de la agrupaci\u00f3n Revoluci\u00f3n Federal aprovecharon el malestar de la poblaci\u00f3n por la actual crisis econ\u00f3mica, financiera y social para azuzar a la ciudadan\u00eda.<\/p>\n\n\n\n<p>En ese sentido, asever\u00f3 que la escalada de actos violentos &#8220;desemboc\u00f3 en la instauraci\u00f3n de un estado de alarma social en virtud del atentado contra la vida de la Vicepresidenta de la Naci\u00f3n&#8221;, y remarc\u00f3 que &#8220;a partir de ese punto culminante, suspicazmente la agrupaci\u00f3n dej\u00f3 de publicar su actividad, tanto en las calles como en las redes sociales&#8221;.<\/p>\n\n\n\n<p>De acuerdo a las constancias reunidas en la investigaci\u00f3n, la actividad de Revoluci\u00f3n Federal -primero llamada en Facebook &#8220;Rebeli\u00f3n Federal&#8221;- comenzaron el 11 de mayo de este a\u00f1o, con Morel y Sosa como instigadores.<\/p>\n\n\n\n<p>Mart\u00ednez de Giorgi afirm\u00f3 en su fallo que los miembros de Revoluci\u00f3n Federal &#8220;insistieron asiduamente con la propagaci\u00f3n masiva de mensajes violentos e intimidatorios en redes sociales, que alentaron a la persecuci\u00f3n, al odio y a la violencia de un sector determinado de la sociedad -concretamente, de las autoridades p\u00fablicas pertenecientes a la coalici\u00f3n pol\u00edtica Frente de Todos y de sus simpatizantes&#8221;.<\/p>\n\n\n\n<figure class=\"wp-block-image\"><img decoding=\"async\" src=\"https:\/\/www.lt7noticias.com\/content\/bucket\/6\/35266w770h680c.jpg.webp\" alt=\"\"\/><figcaption>Revoluci\u00f3n Federal encendiendo fuego y antorchas frente a la Casa Rosada.<\/figcaption><\/figure>\n\n\n\n<p>&#8220;Los vamos a perseguir, van a tener miedo de salir a la calle. El robo y la corrupci\u00f3n en Argentina va a dejar de ser gratis, por las buenas o por las malas (\u2026) Todos van a sufrir las consecuencias de sus actos&#8221;, fue uno de los mensajes difundidos desde las redes sociales de Revoluci\u00f3n Federal, a los cuales hizo referencia el juez en su fallo.<\/p>\n\n\n\n<p>En ese contexto, record\u00f3 que desde Revoluci\u00f3n Federal fue convocada una manifestaci\u00f3n para el 9 de julio en el Obelisco bajo consignas del tipo &#8220;llevamos nuestras antorchas a la calle nuevamente y marchamos hacia Casa Rosada para exigir la renuncia de Alberto y CFK&#8221; o &#8220;Hay soluci\u00f3n a esto y es yendo a buscarlos. No tienen que poder caminar en la calle en paz&#8221;.<\/p>\n\n\n\n<p>El juez tambi\u00e9n remarc\u00f3 que, una semana antes del intento de atentado contra la Vicepresidenta, desde la cuenta de Twitter de Revoluci\u00f3n Federal se convoc\u00f3 a una conversaci\u00f3n p\u00fablica a trav\u00e9s de la herramienta Twitter Space bajo el t\u00edtulo &#8220;Hay que pudrirla&#8221;, en la que se volcaron ideas parecidas a la que finalmente intentar\u00eda llevar a la pr\u00e1ctica el detenido Fernando Sabag Montiel, quien quiso asesinar a la exmandataria.<\/p>\n\n\n\n<p>Durante aquella conversaci\u00f3n p\u00fablica, que fue entre Morel y una persona llamada Franco Castelli, uno de ellos (se presume Morel, por la voz), dijo: &#8220;Hoy por ejemplo ve\u00eda como Cristina saludaba a La C\u00e1mpora y a la militancia (en la puerta de su casa). L\u00e1stima que a m\u00ed ya me conocen la cara, porque si no sab\u00e9s c\u00f3mo me infiltro ah\u00ed una semana y espero que baje\u2026 Yo te juro\u2026 Si a m\u00ed no me conocieran los nenes de La C\u00e1mpora, yo voy y te canto ah\u00ed la marcha peronista 7 d\u00edas seguidos y en cuanto puedo paso a la historia. Despu\u00e9s me linchan. Pero paso a la historia&#8221;.<\/p>\n\n\n\n<p>&#8220;En dicha conversaci\u00f3n mantenida v\u00eda Twitter, con acceso a un sinn\u00famero de usuarios, agregaron: &#8216;Con la polic\u00eda nosotros hablamos siempre; la polic\u00eda est\u00e1 de acuerdo con nosotros; tambi\u00e9n son bastante permisivos. Nosotros el otro d\u00eda le revoleamos antorchas prendidas fuego adentro de la Casa Rosada y tiraron agua. O sea, reprimieron, pero podr\u00edan haberse llevado detenidos. No lo hicieron'&#8221;, record\u00f3 el magistrado.<\/p>\n\n\n\n<p>Tambi\u00e9n remarc\u00f3 que durante aquellas charlas p\u00fablicas a trav\u00e9s de redes sociales los miembros de Revoluci\u00f3n Federal efectuaron expresiones de deseo de atentar contra el diputado nacional M\u00e1ximo Kirchner y el presidente Alberto Fern\u00e1ndez.<\/p>\n\n\n\n<p>Para el juez, un hecho &#8220;muy ilustrativo de la magnitud de la incitaci\u00f3n a la violencia llevada adelante por la agrupaci\u00f3n bajo estudio&#8221; fueron las expresiones efectuadas en el vivo de Twitter de fecha del 6 de septiembre que dirigi\u00f3 Jonathan Morel -en la que estuvieron alrededor de 630 usuarios conectados- en el un usuario celebr\u00f3 el intento de atentado contra la vicepresidenta.<\/p>\n\n\n\n<p>&#8220;El pibe este que supuestamente atent\u00f3 contra la Vicepresidenta, para m\u00ed es una esperanza de que el argentino est\u00e1 haciendo algo. Yo espero que esto d\u00e9 el ejemplo y m\u00e1s gente haga cosas (\u2026) A m\u00ed me parece totalmente leg\u00edtimo. Me sorprende que no haya pasado antes, que alguien no le haya querido pegar un tiro a Cristina. La realidad es que es sorprendente que hayamos llegado al 2022 y est\u00e9 viva todav\u00eda&#8221;, dijo entonces un usuario identificado como &#8220;Juan&#8221;.<\/p>\n\n\n\n<figure class=\"wp-block-image\"><img decoding=\"async\" src=\"https:\/\/www.lt7noticias.com\/content\/bucket\/5\/35265w770h432c.jpg.webp\" alt=\"\"\/><figcaption>Durante una de las protestas, los integrantes de Revoluci\u00f3n Federal llevaron antorchas encendidas frente a la Casa Rosada.<\/figcaption><\/figure>\n\n\n\n<p>El magistrado proces\u00f3 a los cuatro imputados por los delitos previstos en el art\u00edculo 213 bis del C\u00f3digo Penal, que prev\u00e9 penas de hasta ocho a\u00f1os de prisi\u00f3n, y advirti\u00f3 en su fallo que las conductas atribuidas a los imputados quedan por fuera de la protecci\u00f3n constitucional de los derechos a la protesta y a la libre expresi\u00f3n de ideas, pues exceden el ejercicio de la libertad de expresi\u00f3n y el \u00e1mbito de reserva constitucionalmente amparado.<\/p>\n\n\n\n<p>El art\u00edculo 213 bis del C\u00f3digo Penal establece que &#8220;ser\u00e1 reprimido con reclusi\u00f3n o prisi\u00f3n de tres a ocho a\u00f1os el que organizare o tomare parte en agrupaciones permanentes o transitorias que, sin estar comprendidas en el art\u00edculo 210 de este c\u00f3digo, tuvieren por objeto principal o accesorios imponer sus ideas o combatir las ajenas por la fuerza o el temor, por el solo hecho de ser miembro de la asociaci\u00f3n&#8221;.<\/p>\n\n\n\n<p>El magistrado mand\u00f3 a trabarles embargos sobre sus bienes de la nombrada hasta cubrir el monto de nueve millones de pesos, seg\u00fan surge del fallo de 60 p\u00e1ginas al que tuvo acceso T\u00e9lam.<\/p>\n\n\n\n<p>Los imputados ahora procesados sin prisi\u00f3n preventiva hab\u00edan sido detenidos el 20 de octubre pero fueron excarcelados el lunes pasado por orden de la sala primera de la C\u00e1mara Federal porte\u00f1a que entendi\u00f3 que todos estaban a derecho y que no hab\u00eda riesgo de que se fugaran ni entorpecieran la investigaci\u00f3n.<\/p>\n","protected":false},"excerpt":{"rendered":"<p>Jonathan Morel, Leonardo Sosa, Gast\u00f3n Guerra y Sabrina Basile fueron procesados sin prisi\u00f3n preventiva por el juez federal\u00a0Marcelo Mart\u00ednez de Giorgi. Hab\u00edan sido liberados por orden de la C\u00e1mara Federal&hellip; <\/p>\n","protected":false},"author":4,"featured_media":16872,"comment_status":"closed","ping_status":"open","sticky":false,"template":"","format":"standard","meta":{"footnotes":""},"categories":[3],"tags":[],"class_list":["post-16871","post","type-post","status-publish","format-standard","has-post-thumbnail","hentry","category-politica"],"_links":{"self":[{"href":"https:\/\/corrientesdetarde.com\/index.php\/wp-json\/wp\/v2\/posts\/16871","targetHints":{"allow":["GET"]}}],"collection":[{"href":"https:\/\/corrientesdetarde.com\/index.php\/wp-json\/wp\/v2\/posts"}],"about":[{"href":"https:\/\/corrientesdetarde.com\/index.php\/wp-json\/wp\/v2\/types\/post"}],"author":[{"embeddable":true,"href":"https:\/\/corrientesdetarde.com\/index.php\/wp-json\/wp\/v2\/users\/4"}],"replies":[{"embeddable":true,"href":"https:\/\/corrientesdetarde.com\/index.php\/wp-json\/wp\/v2\/comments?post=16871"}],"version-history":[{"count":1,"href":"https:\/\/corrientesdetarde.com\/index.php\/wp-json\/wp\/v2\/posts\/16871\/revisions"}],"predecessor-version":[{"id":16873,"href":"https:\/\/corrientesdetarde.com\/index.php\/wp-json\/wp\/v2\/posts\/16871\/revisions\/16873"}],"wp:featuredmedia":[{"embeddable":true,"href":"https:\/\/corrientesdetarde.com\/index.php\/wp-json\/wp\/v2\/media\/16872"}],"wp:attachment":[{"href":"https:\/\/corrientesdetarde.com\/index.php\/wp-json\/wp\/v2\/media?parent=16871"}],"wp:term":[{"taxonomy":"category","embeddable":true,"href":"https:\/\/corrientesdetarde.com\/index.php\/wp-json\/wp\/v2\/categories?post=16871"},{"taxonomy":"post_tag","embeddable":true,"href":"https:\/\/corrientesdetarde.com\/index.php\/wp-json\/wp\/v2\/tags?post=16871"}],"curies":[{"name":"wp","href":"https:\/\/api.w.org\/{rel}","templated":true}]}}