{"id":168873,"date":"2024-10-28T21:47:08","date_gmt":"2024-10-29T00:47:08","guid":{"rendered":"https:\/\/corrientesdetarde.com\/?p=168873"},"modified":"2024-10-28T21:47:12","modified_gmt":"2024-10-29T00:47:12","slug":"javier-milei-sobre-las-trabas-de-la-uba-para-ser-auditada-es-un-gran-escandalo-2","status":"publish","type":"post","link":"https:\/\/corrientesdetarde.com\/index.php\/politica\/javier-milei-sobre-las-trabas-de-la-uba-para-ser-auditada-es-un-gran-escandalo-2\/","title":{"rendered":"Javier Milei, sobre las trabas de la UBA para ser auditada: &#8220;Es un gran esc\u00e1ndalo&#8221;"},"content":{"rendered":"\n<p>El Presidente se refiri\u00f3 a la postura de las autoridades de Universidad de Buenos Aires, quienes ahora se niegan a que la Sindicatura General de la Naci\u00f3n (SIGEN) sea la encargada de realizar el control.<\/p>\n\n\n\n<p>El presidente Javier Milei defini\u00f3 hoy como &#8220;un gran esc\u00e1ndalo&#8221; que las autoridades de la Universidad de Buenos Aires (UBA) se nieguen a ser auditadas por la Sindicatura General de la Naci\u00f3n (SIGEN). El mensaje del mandatario llega luego de que el rector de la UBA, Ricardo Gelpi, ratificara que ir\u00e1n a la Justicia para que se decida qu\u00e9 organismo debe llevar adelante la auditor\u00eda.<br>&#8220;\u00bfEst\u00e1 claro que la negaci\u00f3n por parte de la UBA a ser auditada es un gran esc\u00e1ndalo?&#8221;, pregunt\u00f3 el Presidente en un posteo que hizo a trav\u00e9s de su cuenta de X.<\/p>\n\n\n\n<p>&#8220;En definitiva movilizaron recursos de todo tipo para montar las marchas y usaron a los estudiantes en todo el pa\u00eds (con mentiras) para que no tuvieran que dar cuentas de sus gastos&#8221;, agreg\u00f3 el mandatario.<\/p>\n\n\n\n<p>Este mismo lunes la SIGEN present\u00f3 ante el rectorado de la UBA la documentaci\u00f3n para comenzar con las auditor\u00edas. Tuvo que ir un empleado de forma presencial debido a que las autoridades no hab\u00edan respondido los mails.<\/p>\n\n\n\n<p>A trav\u00e9s de un comunicado, la Sindicatura General de la Naci\u00f3n detall\u00f3: &#8220;Luego de que las autoridades de la UBA no respondieran a las notificaciones enviadas por sistema de Gesti\u00f3n Documental Electr\u00f3nica (GDE) y el aviso al correo electr\u00f3nico oficial del rectorado, se decidi\u00f3 entregar la notificaci\u00f3n en un documento f\u00edsico, para evitar m\u00e1s dilaciones. As\u00ed, el equipo de la SIGEN remitir\u00e1 en mano en la mesa de entradas de la Rector\u00eda de la UBA, la nota que indica que comenzar\u00e1n los trabajos de auditor\u00eda en esa casa de estudios. La UBA fue auditada regularmente hasta 2013 por SIGEN&#8221;,<\/p>\n\n\n\n<p>Miguel Blanco, titular de la SIGEN, tambi\u00e9n se refiri\u00f3 hoy a la insistencia del Gobierno por auditar las universidades p\u00fablicas y, en di\u00e1logo con radio continental, explic\u00f3: &#8220;Las universidades reciben fondos p\u00fablicos por dos v\u00edas: uno no sujetos a rendici\u00f3n de cuenta pagar salarios, y otros a trav\u00e9s programas que s\u00ed requieren rendici\u00f3n de cuentas, y en la UBA tiene pendiente de rendici\u00f3n significativos montos de esos convenios \u00bfPor qu\u00e9 no han rendido? Es lo que queremos auditar&#8221;.<\/p>\n\n\n\n<p>Pese a esto, el propio Ricardo Gelpi no tuvo reparos en oponerse a que la UBA sea auditada por la SIGEN porque, seg\u00fan expres\u00f3, el organismo &#8220;no posee las competencias para auditar a las universidades por distintas razones jur\u00eddicas de peso&#8221;.<\/p>\n\n\n\n<p>&#8220;Queremos ser auditados todo lo que sea necesario dentro del marco de las leyes y las instituciones&#8221;, aclar\u00f3 el rector de la UBA en una conferencia de prensa. &#8220;Y es por esto que hemos decidido presentarnos ante la Justicia para que ella sea la que decida si el procedimiento que quiere llevar a cabo el gobierno nacional se encuentra dentro del marco legal vigente&#8221;.<\/p>\n\n\n\n<p>De todas formas, Gelpi asegur\u00f3 ante la prensa: &#8220;Acataremos de manera irrestricta lo que el Poder Judicial decida&#8221;.<\/p>\n","protected":false},"excerpt":{"rendered":"<p>El Presidente se refiri\u00f3 a la postura de las autoridades de Universidad de Buenos Aires, quienes ahora se niegan a que la Sindicatura General de la Naci\u00f3n (SIGEN) sea la&hellip; <\/p>\n","protected":false},"author":4,"featured_media":168874,"comment_status":"closed","ping_status":"open","sticky":false,"template":"","format":"standard","meta":{"footnotes":""},"categories":[3],"tags":[],"class_list":["post-168873","post","type-post","status-publish","format-standard","has-post-thumbnail","hentry","category-politica"],"_links":{"self":[{"href":"https:\/\/corrientesdetarde.com\/index.php\/wp-json\/wp\/v2\/posts\/168873","targetHints":{"allow":["GET"]}}],"collection":[{"href":"https:\/\/corrientesdetarde.com\/index.php\/wp-json\/wp\/v2\/posts"}],"about":[{"href":"https:\/\/corrientesdetarde.com\/index.php\/wp-json\/wp\/v2\/types\/post"}],"author":[{"embeddable":true,"href":"https:\/\/corrientesdetarde.com\/index.php\/wp-json\/wp\/v2\/users\/4"}],"replies":[{"embeddable":true,"href":"https:\/\/corrientesdetarde.com\/index.php\/wp-json\/wp\/v2\/comments?post=168873"}],"version-history":[{"count":1,"href":"https:\/\/corrientesdetarde.com\/index.php\/wp-json\/wp\/v2\/posts\/168873\/revisions"}],"predecessor-version":[{"id":168881,"href":"https:\/\/corrientesdetarde.com\/index.php\/wp-json\/wp\/v2\/posts\/168873\/revisions\/168881"}],"wp:featuredmedia":[{"embeddable":true,"href":"https:\/\/corrientesdetarde.com\/index.php\/wp-json\/wp\/v2\/media\/168874"}],"wp:attachment":[{"href":"https:\/\/corrientesdetarde.com\/index.php\/wp-json\/wp\/v2\/media?parent=168873"}],"wp:term":[{"taxonomy":"category","embeddable":true,"href":"https:\/\/corrientesdetarde.com\/index.php\/wp-json\/wp\/v2\/categories?post=168873"},{"taxonomy":"post_tag","embeddable":true,"href":"https:\/\/corrientesdetarde.com\/index.php\/wp-json\/wp\/v2\/tags?post=168873"}],"curies":[{"name":"wp","href":"https:\/\/api.w.org\/{rel}","templated":true}]}}