{"id":168882,"date":"2024-10-28T21:53:40","date_gmt":"2024-10-29T00:53:40","guid":{"rendered":"https:\/\/corrientesdetarde.com\/?p=168882"},"modified":"2024-10-28T21:53:45","modified_gmt":"2024-10-29T00:53:45","slug":"corrientes-y-paraguay-fortalecen-lazos-y-estrechan-vinculos-2","status":"publish","type":"post","link":"https:\/\/corrientesdetarde.com\/index.php\/actualidad\/corrientes-y-paraguay-fortalecen-lazos-y-estrechan-vinculos-2\/","title":{"rendered":"Corrientes y Paraguay fortalecen lazos y estrechan v\u00ednculos"},"content":{"rendered":"\n<p>Con el objetivo de afianzar los lazos culturales y de cooperaci\u00f3n&nbsp; que unen a Corrientes con el Paraguay, como as\u00ed tambi\u00e9n los v\u00ednculos, el gobernador Gustavo Vald\u00e9s recibi\u00f3 este lunes al c\u00f3nsul de dicho pa\u00eds, Fabio L\u00f3pez Riveros, con representaci\u00f3n tanto en nuestra provincia como en el Chaco, teniendo como sede cabecera a la ciudad de Resistencia.<\/p>\n\n\n\n<p>En la oportunidad, L\u00f3pez Riveros, en su car\u00e1cter de Jefe de Misi\u00f3n del consulado paraguayo, estuvo acompa\u00f1ado por su c\u00f3nsul adjunto, Osvaldo Velazco y la secretaria general, Magui Velazco.<\/p>\n\n\n\n<p>La comitiva del Paraguay ofreci\u00f3 en primer lugar el saludo protocolar a Vald\u00e9s, tras lo cual, como gesto de cortes\u00eda, intercambiaron presentes.<\/p>\n\n\n\n<p>Luego del encuentro, al que calific\u00f3 como sumamente positivo, L\u00f3pez Riveros, precis\u00f3, inicialmente, &nbsp;que, &#8220;vinimos a dar nuestro saludo correspondiente a nuestra presentaci\u00f3n oficial&#8221; al gobernador Vald\u00e9s, en su despacho oficial.<\/p>\n\n\n\n<p>&#8220;Hablamos de temas que ata\u00f1en a nuestro relacionamiento con Corrientes&#8221;, ya que &#8220;hay mucho trabajo que vamos a desarrollar para el fortalecimiento del mismo&#8221;, aport\u00f3, tras la reuni\u00f3n realizada.<\/p>\n\n\n\n<p>En otro orden de temas, el diplom\u00e1tico a\u00f1adi\u00f3, tambi\u00e9n, la posibilidad de que el gobernador de Corrientes salude al presidente de Paraguay, Santiago Pe\u00f1a, junto a sus pares de las provincias fronterizas.<\/p>\n\n\n\n<p>Asimismo, Fabio L\u00f3pez Riveros aclar\u00f3 que el Consulado tiene sede en la ciudad de Resistencia, aunque remarc\u00f3 que, igualmente, &#8220;el Gobierno del Paraguay acredita su representaci\u00f3n en las provincias de Chaco y de Corrientes&#8221;. &#8220;Esto es una cuesti\u00f3n nueva que se est\u00e1 estructurando&#8221;, agreg\u00f3.<\/p>\n\n\n\n<p>En base a la reestructuraci\u00f3n a la que hizo alusi\u00f3n, el c\u00f3nsul &nbsp;adelant\u00f3 que se trabaja &nbsp;para que su residencia se asiente en la ciudad de Corrientes y que se enclaven oficinas de representaci\u00f3n del consulado del Paraguay, tambi\u00e9n en Capital. &#8220;Seguramente vamos a tener representaciones en edificios consulares en ambas provincias&#8221;, ratific\u00f3 el diplom\u00e1tico.<\/p>\n\n\n\n<p>Finalmente, el jefe de Misi\u00f3n paraguayo asegur\u00f3 que durante su gesti\u00f3n, se apuntar\u00e1 a la &#8220;calidad, cantidad y mejoramiento en el trabajo&#8221;.<\/p>\n","protected":false},"excerpt":{"rendered":"<p>Con el objetivo de afianzar los lazos culturales y de cooperaci\u00f3n&nbsp; que unen a Corrientes con el Paraguay, como as\u00ed tambi\u00e9n los v\u00ednculos, el gobernador Gustavo Vald\u00e9s recibi\u00f3 este lunes&hellip; <\/p>\n","protected":false},"author":4,"featured_media":168883,"comment_status":"closed","ping_status":"open","sticky":false,"template":"","format":"standard","meta":{"footnotes":""},"categories":[23],"tags":[],"class_list":["post-168882","post","type-post","status-publish","format-standard","has-post-thumbnail","hentry","category-actualidad"],"_links":{"self":[{"href":"https:\/\/corrientesdetarde.com\/index.php\/wp-json\/wp\/v2\/posts\/168882","targetHints":{"allow":["GET"]}}],"collection":[{"href":"https:\/\/corrientesdetarde.com\/index.php\/wp-json\/wp\/v2\/posts"}],"about":[{"href":"https:\/\/corrientesdetarde.com\/index.php\/wp-json\/wp\/v2\/types\/post"}],"author":[{"embeddable":true,"href":"https:\/\/corrientesdetarde.com\/index.php\/wp-json\/wp\/v2\/users\/4"}],"replies":[{"embeddable":true,"href":"https:\/\/corrientesdetarde.com\/index.php\/wp-json\/wp\/v2\/comments?post=168882"}],"version-history":[{"count":1,"href":"https:\/\/corrientesdetarde.com\/index.php\/wp-json\/wp\/v2\/posts\/168882\/revisions"}],"predecessor-version":[{"id":168884,"href":"https:\/\/corrientesdetarde.com\/index.php\/wp-json\/wp\/v2\/posts\/168882\/revisions\/168884"}],"wp:featuredmedia":[{"embeddable":true,"href":"https:\/\/corrientesdetarde.com\/index.php\/wp-json\/wp\/v2\/media\/168883"}],"wp:attachment":[{"href":"https:\/\/corrientesdetarde.com\/index.php\/wp-json\/wp\/v2\/media?parent=168882"}],"wp:term":[{"taxonomy":"category","embeddable":true,"href":"https:\/\/corrientesdetarde.com\/index.php\/wp-json\/wp\/v2\/categories?post=168882"},{"taxonomy":"post_tag","embeddable":true,"href":"https:\/\/corrientesdetarde.com\/index.php\/wp-json\/wp\/v2\/tags?post=168882"}],"curies":[{"name":"wp","href":"https:\/\/api.w.org\/{rel}","templated":true}]}}