{"id":168885,"date":"2024-10-28T22:23:06","date_gmt":"2024-10-29T01:23:06","guid":{"rendered":"https:\/\/corrientesdetarde.com\/?p=168885"},"modified":"2024-10-28T22:24:11","modified_gmt":"2024-10-29T01:24:11","slug":"cuanto-exporto-el-nea-en-septiembre","status":"publish","type":"post","link":"https:\/\/corrientesdetarde.com\/index.php\/economia\/cuanto-exporto-el-nea-en-septiembre\/","title":{"rendered":"\u00bfCu\u00e1nto export\u00f3 el NEA en septiembre?"},"content":{"rendered":"\n<p>El Nordeste tuvo un total exportado de 509,7 millones de d\u00f3lares (lo que represent\u00f3 un crecimiento del 31,2% interanual)<\/p>\n\n\n\n<p>El Monitor de Exportaciones de las Econom\u00edas Regionales (MEER) elaborado por la Confederaci\u00f3n Argentina de la Mediana Empresa (CAME) dio a conocer que en septiembre tuvo un incremento en las exportaciones de las econom\u00edas regionales del 29,1% en d\u00f3lares y 26,5% en toneladas.&nbsp;<\/p>\n\n\n\n<p>Siempre de acuerdo a lo narrado, eso representa una suba interanual de USD 1.948,8 millones en el total exportado y de 1,5 millones de toneladas en el volumen comercializado. El precio promedio de exportaci\u00f3n de las econom\u00edas regionales argentinas se ubic\u00f3 en USD 1.230 d\u00f3lares.<\/p>\n\n\n\n<p>El sector demuestra as\u00ed un gran poder de recuperaci\u00f3n, tras haber sufrido tres sequ\u00edas seguidas y heladas tempranas que afectaron los niveles de producci\u00f3n.<\/p>\n\n\n\n<p>Adem\u00e1s, durante el per\u00edodo analizado se present\u00f3 una alta volatilidad de los precios internacionales; como as\u00ed tambi\u00e9n aperturas de nuevos mercados para colocar los diversos productos de las econom\u00edas regionales.<\/p>\n\n\n\n<p>El acumulado de los \u00faltimos 12 meses reflej\u00f3 que con el citado incremento, las exportaciones regionales alcanzaron los USD 8.649 millones exportados en el per\u00edodo octubre 2023-septiembre 2024, habiendo importado USD 791 millones.<\/p>\n\n\n\n<p>Buenos Aires+CABA es la principal regi\u00f3n exportadora del pa\u00eds, representando un 50,6% del total exportado en d\u00f3lares por las econom\u00edas regionales. En el per\u00edodo analizado, Buenos Aires y CABA tuvieron ingresos por exportaci\u00f3n de USD 4.375,5 millones, lo que representa un aumento interanual del 32,2% en d\u00f3lares exportados. As\u00ed, es la regi\u00f3n con mayor crecimiento en este aspecto. Centro, la regi\u00f3n comprendida por las provincias de C\u00f3rdoba, Entre R\u00edos y Santa Fe, export\u00f3 por USD 1.649,6 millones, el 19,1% de las ventas al exterior del pa\u00eds.<\/p>\n","protected":false},"excerpt":{"rendered":"<p>El Nordeste tuvo un total exportado de 509,7 millones de d\u00f3lares (lo que represent\u00f3 un crecimiento del 31,2% interanual) El Monitor de Exportaciones de las Econom\u00edas Regionales (MEER) elaborado por&hellip; <\/p>\n","protected":false},"author":4,"featured_media":168887,"comment_status":"closed","ping_status":"open","sticky":false,"template":"","format":"standard","meta":{"footnotes":""},"categories":[20],"tags":[],"class_list":["post-168885","post","type-post","status-publish","format-standard","has-post-thumbnail","hentry","category-economia"],"_links":{"self":[{"href":"https:\/\/corrientesdetarde.com\/index.php\/wp-json\/wp\/v2\/posts\/168885","targetHints":{"allow":["GET"]}}],"collection":[{"href":"https:\/\/corrientesdetarde.com\/index.php\/wp-json\/wp\/v2\/posts"}],"about":[{"href":"https:\/\/corrientesdetarde.com\/index.php\/wp-json\/wp\/v2\/types\/post"}],"author":[{"embeddable":true,"href":"https:\/\/corrientesdetarde.com\/index.php\/wp-json\/wp\/v2\/users\/4"}],"replies":[{"embeddable":true,"href":"https:\/\/corrientesdetarde.com\/index.php\/wp-json\/wp\/v2\/comments?post=168885"}],"version-history":[{"count":1,"href":"https:\/\/corrientesdetarde.com\/index.php\/wp-json\/wp\/v2\/posts\/168885\/revisions"}],"predecessor-version":[{"id":168886,"href":"https:\/\/corrientesdetarde.com\/index.php\/wp-json\/wp\/v2\/posts\/168885\/revisions\/168886"}],"wp:featuredmedia":[{"embeddable":true,"href":"https:\/\/corrientesdetarde.com\/index.php\/wp-json\/wp\/v2\/media\/168887"}],"wp:attachment":[{"href":"https:\/\/corrientesdetarde.com\/index.php\/wp-json\/wp\/v2\/media?parent=168885"}],"wp:term":[{"taxonomy":"category","embeddable":true,"href":"https:\/\/corrientesdetarde.com\/index.php\/wp-json\/wp\/v2\/categories?post=168885"},{"taxonomy":"post_tag","embeddable":true,"href":"https:\/\/corrientesdetarde.com\/index.php\/wp-json\/wp\/v2\/tags?post=168885"}],"curies":[{"name":"wp","href":"https:\/\/api.w.org\/{rel}","templated":true}]}}