{"id":168895,"date":"2024-10-28T23:08:43","date_gmt":"2024-10-29T02:08:43","guid":{"rendered":"https:\/\/corrientesdetarde.com\/?p=168895"},"modified":"2024-10-28T23:08:55","modified_gmt":"2024-10-29T02:08:55","slug":"se-realizo-el-festejo-del-dia-de-la-madre-en-la-feria-de-emprendedores","status":"publish","type":"post","link":"https:\/\/corrientesdetarde.com\/index.php\/sociales\/se-realizo-el-festejo-del-dia-de-la-madre-en-la-feria-de-emprendedores\/","title":{"rendered":"Se realiz\u00f3 el festejo del Dia de la Madre en la Feria de emprendedores"},"content":{"rendered":"\n<p>Se realiz\u00f3 el festejo del d\u00eda de la madre junto a los emprendedores de las Ferias dependientes del Ministerio de Desarrollo Social este domingo 27 y que se realiz\u00f3 bajo la Coordinaci\u00f3n de la Direcci\u00f3n de Comercializaci\u00f3n, la directora D\u00e9bora Galarza Alcaraz.<\/p>\n\n\n\n<p>En la Expo-emprendedora,&nbsp;se realizaron&nbsp;las actividades principales, este domingo en el Paseo Ibera, en la Bajada del Puente Gral. Belgrano y Costanera, con&nbsp; la exposici\u00f3n y venta de m\u00e1s de trescientos emprendedores en distintos rubros.<\/p>\n\n\n\n<p>En el sector gastron\u00f3mico del patio de comidas se hicieron presentes en el escenario, artistas como:<\/p>\n\n\n\n<p>El ni\u00f1o Felipe acompa\u00f1ado de su profesor en la guitarra y&nbsp;Pablo Villalba y la Renovaci\u00f3n Chamamecera<\/p>\n\n\n\n<p>En la oportunidad, se realiz\u00f3 en tradicional Bingo Familiar con bolillero y se hicienron sorteos por el d\u00eda de las madres con la presencia de la directora D\u00e9bora Galarza Alcaraz.<\/p>\n\n\n\n<p>Por otro lado, la Multiferia estuvo presente este domingo en el Parque el Eucaliptal&nbsp;del Barrio&nbsp;San Ger\u00f3nimo, ubicado en Av. Ra\u00fal Alfons\u00edn 5072, con exposici\u00f3n y venta de productos elaborados por&nbsp;emprendedores y artesanos y en el Parque Mitre la Feria de Revendedores.<\/p>\n\n\n\n<p><\/p>\n\n\n\n<figure class=\"wp-block-image size-large\"><img loading=\"lazy\" decoding=\"async\" width=\"1024\" height=\"679\" src=\"https:\/\/corrientesdetarde.com\/wp-content\/uploads\/2024\/10\/image-176-1024x679.png\" alt=\"\" class=\"wp-image-168896\" srcset=\"https:\/\/corrientesdetarde.com\/wp-content\/uploads\/2024\/10\/image-176-1024x679.png 1024w, https:\/\/corrientesdetarde.com\/wp-content\/uploads\/2024\/10\/image-176-300x199.png 300w, https:\/\/corrientesdetarde.com\/wp-content\/uploads\/2024\/10\/image-176-768x509.png 768w, https:\/\/corrientesdetarde.com\/wp-content\/uploads\/2024\/10\/image-176.png 1354w\" sizes=\"auto, (max-width: 1024px) 100vw, 1024px\" \/><\/figure>\n\n\n\n<p><\/p>\n","protected":false},"excerpt":{"rendered":"<p>Se realiz\u00f3 el festejo del d\u00eda de la madre junto a los emprendedores de las Ferias dependientes del Ministerio de Desarrollo Social este domingo 27 y que se realiz\u00f3 bajo&hellip; <\/p>\n","protected":false},"author":4,"featured_media":168897,"comment_status":"closed","ping_status":"open","sticky":false,"template":"","format":"standard","meta":{"footnotes":""},"categories":[17],"tags":[],"class_list":["post-168895","post","type-post","status-publish","format-standard","has-post-thumbnail","hentry","category-sociales"],"_links":{"self":[{"href":"https:\/\/corrientesdetarde.com\/index.php\/wp-json\/wp\/v2\/posts\/168895","targetHints":{"allow":["GET"]}}],"collection":[{"href":"https:\/\/corrientesdetarde.com\/index.php\/wp-json\/wp\/v2\/posts"}],"about":[{"href":"https:\/\/corrientesdetarde.com\/index.php\/wp-json\/wp\/v2\/types\/post"}],"author":[{"embeddable":true,"href":"https:\/\/corrientesdetarde.com\/index.php\/wp-json\/wp\/v2\/users\/4"}],"replies":[{"embeddable":true,"href":"https:\/\/corrientesdetarde.com\/index.php\/wp-json\/wp\/v2\/comments?post=168895"}],"version-history":[{"count":1,"href":"https:\/\/corrientesdetarde.com\/index.php\/wp-json\/wp\/v2\/posts\/168895\/revisions"}],"predecessor-version":[{"id":168898,"href":"https:\/\/corrientesdetarde.com\/index.php\/wp-json\/wp\/v2\/posts\/168895\/revisions\/168898"}],"wp:featuredmedia":[{"embeddable":true,"href":"https:\/\/corrientesdetarde.com\/index.php\/wp-json\/wp\/v2\/media\/168897"}],"wp:attachment":[{"href":"https:\/\/corrientesdetarde.com\/index.php\/wp-json\/wp\/v2\/media?parent=168895"}],"wp:term":[{"taxonomy":"category","embeddable":true,"href":"https:\/\/corrientesdetarde.com\/index.php\/wp-json\/wp\/v2\/categories?post=168895"},{"taxonomy":"post_tag","embeddable":true,"href":"https:\/\/corrientesdetarde.com\/index.php\/wp-json\/wp\/v2\/tags?post=168895"}],"curies":[{"name":"wp","href":"https:\/\/api.w.org\/{rel}","templated":true}]}}