{"id":168991,"date":"2024-10-29T11:12:06","date_gmt":"2024-10-29T14:12:06","guid":{"rendered":"https:\/\/corrientesdetarde.com\/?p=168991"},"modified":"2024-10-29T11:12:18","modified_gmt":"2024-10-29T14:12:18","slug":"acribillaron-a-un-ex-actor-infantil-en-brasil-y-la-policia-cree-que-lo-mataron-por-error","status":"publish","type":"post","link":"https:\/\/corrientesdetarde.com\/index.php\/internacionales\/acribillaron-a-un-ex-actor-infantil-en-brasil-y-la-policia-cree-que-lo-mataron-por-error\/","title":{"rendered":"Acribillaron a un ex actor infantil en Brasil y la polic\u00eda cree que lo mataron \u201cpor error\u201d"},"content":{"rendered":"\n<p><\/p>\n\n\n\n<p>El ex ni\u00f1o-actor y DJ Jo\u00e3o Rebello fue asesinado a tiros mientras andaba en auto por la localidad brasile\u00f1a de Trancoso, en el estado de Bah\u00eda, y seg\u00fan su familia y las autoridades, el crimen fue cometido \u201cpor error\u201d.<\/p>\n\n\n\n<h2 class=\"wp-block-heading\">C\u00f3mo fue el crimen de Jo\u00e3o Rebello<\/h2>\n\n\n\n<p>El artista de 45 a\u00f1os fue asesinado en su auto el jueves por la noche, en la Plaza de la Independencia, cuando volv\u00eda del supermercado. Seg\u00fan testigos,&nbsp;<strong>dos hombres en una moto se acercaron al auto, dispararon a quemarropa y huyeron<\/strong>.<\/p>\n\n\n\n<p>\u201cFue un crimen brutal. A mi hermano no le robaron ni le dispararon,&nbsp;<strong>fue brutalmente ejecutado<\/strong>&nbsp;\u201c, declar\u00f3 su hermana, Maria Carol Rebello, a medios locales. \u201cJo\u00e3o era un artista, hac\u00eda m\u00fasica, hac\u00eda arte, hac\u00eda fiestas, creaba sue\u00f1os. Mi hermano no ten\u00eda enemigos\u201d, agreg\u00f3.<\/p>\n\n\n\n<figure class=\"wp-block-image\"><img decoding=\"async\" src=\"https:\/\/tn.com.ar\/resizer\/v2\/dos-sicarios-en-moto-asesinaron-a-joao-rebello-cuando-volvia-del-super-foto-gentileza-g1-3XFPYNJSIFB27ALPKX2RZPK5DY.png?auth=631839f863079a5f239b22e8956a38725425081c1b0289287b46842d10a8e616&amp;width=767\" alt=\"Dos sicarios en moto asesinaron a Jo\u00e3o Rebello cuando volv\u00eda del s\u00faper. (Foto: gentileza g1).\"\/><figcaption class=\"wp-element-caption\">Dos sicarios en moto asesinaron a Jo\u00e3o Rebello cuando volv\u00eda del s\u00faper. (Foto: gentileza g1).<\/figcaption><\/figure>\n\n\n\n<p>La polic\u00eda descart\u00f3 la posibilidad de que la v\u00edctima estuviera involucrada en alguna actividad delictiva y considera que se trat\u00f3 de \u201cun error\u201d y que lo habr\u00edan confundido con un delincuente.<\/p>\n\n\n\n<p>El viernes por la tarde, la polic\u00eda localiz\u00f3 una moto que presuntamente hab\u00eda sido utilizada para cometer el crimen e identific\u00f3 a dos sospechosos, aunque a\u00fan no hubo detenidos.<\/p>\n\n\n\n<h2 class=\"wp-block-heading\">Una exestrella infantil reconvertida en DJ<\/h2>\n\n\n\n<p>Jo\u00e3o Rebello fue una exestrella infantil y actu\u00f3 en cinco telenovelas a finales de los \u201880 y principios de los 90: \u201cCambalacho\u201d (1986) , \u201cBeb\u00ea a Bordo\u201d (1989) , \u201cDeus nos Acuda\u201d (1992) , \u201cVamp\u201d (1991) y \u201cZaz\u00e1\u201d (1997).<\/p>\n\n\n\n<figure class=\"wp-block-image\"><img decoding=\"async\" src=\"https:\/\/tn.com.ar\/resizer\/v2\/joao-rebello-fue-una-estrella-de-la-tv-cuando-era-chico-foto-gentileza-g1-Q4ZVRTEH6ZE3VO6QSYY2AEDQJY.png?auth=a12f863a924270c1a589f2c798c0dba40a2df32021bc638373ec5ad98247fa10&amp;width=767\" alt=\"Jo\u00e3o Rebello fue una estrella de la TV cuando era chico. (Foto: gentileza g1).\"\/><figcaption class=\"wp-element-caption\">Jo\u00e3o Rebello fue una estrella de la TV cuando era chico. (Foto: gentileza g1).<\/figcaption><\/figure>\n\n\n\n<p>Dej\u00f3 la actuaci\u00f3n por la m\u00fasica y usaba el nombre de Vunje como DJ. Tambi\u00e9n dirigi\u00f3 algunos clips musicales. Estaba en pareja desde hace 12 a\u00f1os con la artista pl\u00e1stica Karine Santana. En un posteo el lunes, Santana le dedic\u00f3 un poema y dijo que juntos vivieron&nbsp;<strong>12 a\u00f1os del \u201camor m\u00e1s puro\u201d<\/strong>.<\/p>\n\n\n\n<p>Rebello fue enterrado el domingo en el cementerio de San Juan Bautista, en R\u00edo de Janeiro, de donde era su familia.<\/p>\n","protected":false},"excerpt":{"rendered":"<p>El ex ni\u00f1o-actor y DJ Jo\u00e3o Rebello fue asesinado a tiros mientras andaba en auto por la localidad brasile\u00f1a de Trancoso, en el estado de Bah\u00eda, y seg\u00fan su familia&hellip; <\/p>\n","protected":false},"author":12,"featured_media":169016,"comment_status":"closed","ping_status":"open","sticky":false,"template":"","format":"standard","meta":{"footnotes":""},"categories":[11],"tags":[],"class_list":["post-168991","post","type-post","status-publish","format-standard","has-post-thumbnail","hentry","category-internacionales"],"_links":{"self":[{"href":"https:\/\/corrientesdetarde.com\/index.php\/wp-json\/wp\/v2\/posts\/168991","targetHints":{"allow":["GET"]}}],"collection":[{"href":"https:\/\/corrientesdetarde.com\/index.php\/wp-json\/wp\/v2\/posts"}],"about":[{"href":"https:\/\/corrientesdetarde.com\/index.php\/wp-json\/wp\/v2\/types\/post"}],"author":[{"embeddable":true,"href":"https:\/\/corrientesdetarde.com\/index.php\/wp-json\/wp\/v2\/users\/12"}],"replies":[{"embeddable":true,"href":"https:\/\/corrientesdetarde.com\/index.php\/wp-json\/wp\/v2\/comments?post=168991"}],"version-history":[{"count":2,"href":"https:\/\/corrientesdetarde.com\/index.php\/wp-json\/wp\/v2\/posts\/168991\/revisions"}],"predecessor-version":[{"id":169018,"href":"https:\/\/corrientesdetarde.com\/index.php\/wp-json\/wp\/v2\/posts\/168991\/revisions\/169018"}],"wp:featuredmedia":[{"embeddable":true,"href":"https:\/\/corrientesdetarde.com\/index.php\/wp-json\/wp\/v2\/media\/169016"}],"wp:attachment":[{"href":"https:\/\/corrientesdetarde.com\/index.php\/wp-json\/wp\/v2\/media?parent=168991"}],"wp:term":[{"taxonomy":"category","embeddable":true,"href":"https:\/\/corrientesdetarde.com\/index.php\/wp-json\/wp\/v2\/categories?post=168991"},{"taxonomy":"post_tag","embeddable":true,"href":"https:\/\/corrientesdetarde.com\/index.php\/wp-json\/wp\/v2\/tags?post=168991"}],"curies":[{"name":"wp","href":"https:\/\/api.w.org\/{rel}","templated":true}]}}