{"id":169066,"date":"2024-10-29T15:46:19","date_gmt":"2024-10-29T18:46:19","guid":{"rendered":"https:\/\/corrientesdetarde.com\/?p=169066"},"modified":"2024-10-29T15:46:23","modified_gmt":"2024-10-29T18:46:23","slug":"caso-chirino-pidieron-condenas-de-hasta-21-anos-de-prision-para-los-imputados","status":"publish","type":"post","link":"https:\/\/corrientesdetarde.com\/index.php\/crimen-y-justicia\/caso-chirino-pidieron-condenas-de-hasta-21-anos-de-prision-para-los-imputados\/","title":{"rendered":"Caso Chirino: pidieron condenas de hasta 21 a\u00f1os de prisi\u00f3n para los imputados"},"content":{"rendered":"\n<p>El Tribunal Oral Federal de Corrientes, prosigue este martes con el juicio contra nueve militares acusados de homicidio simple por la muerte del subteniente Mat\u00edas Chirino, quien falleci\u00f3 en junio de 2022 tras ser sometido a un ritual de bienvenida en Paso de los Libres, Corrientes.<\/p>\n\n\n\n<p>En el transcurso de esta ma\u00f1ana el abogado querellante, Claudio Orosz<strong>, pidi\u00f3 21 a\u00f1os de prisi\u00f3n para los imputados como coautores y 9 a\u00f1os de prision para los participes secundarios.<\/strong><\/p>\n\n\n\n<p>En este proceso est\u00e1n acusados como coautores del delito Rub\u00e9n Dar\u00edo Ruiz, Claudio Andr\u00e9s Luna, Hugo Reclus Mart\u00ednez Tarraga, Exequiel Emanuel Aguilar, Dar\u00edo Emanuel Mart\u00ednez, Luis Facundo Acosta y Gerardo Sebasti\u00e1n Bautista. Y como part\u00edcipes secundarios, Franco Dami\u00e1n Grupico y Claudia Daniela Cayata.<\/p>\n\n\n\n<p><strong>&nbsp;EL CASO<\/strong><\/p>\n\n\n\n<p>Seg\u00fan la investigaci\u00f3n, orientada por el fiscal federal Fabi\u00e1n Mart\u00ednez, se pudo determinar que el subteniente Chirino y dos colegas m\u00e1s deb\u00edan presentarse y comenzar a prestar funciones, por orden del segundo jefe de la Unidad, a las 07:30 del d\u00eda 20 de junio de 2022, pero finalmente por instrucci\u00f3n del Subteniente Facundo Luis Acosta, debieron arribar antes de lo previsto, a las 20:15 del 18 de junio de 2022.<\/p>\n\n\n\n<p>Entre el horario de ingreso y las 00:30 del 19 de junio de 2022, se constat\u00f3 que en el interior del quincho de oficiales y sus inmediaciones los acusados \u201cprevali\u00e9ndose de la autoridad que ten\u00edan (\u2026), en desprecio a la integridad f\u00edsica y moral de sus camaradas Mat\u00edas Ezequiel Chirino, Jorge Manuel Chaile y Rufino Ezequiel Meza, le impartieron \u00f3rdenes arbitrarias y maltratos\u201d, dice el expediente.<\/p>\n\n\n\n<p>Detalla que los maltratos consistieron en \u201cobligarlos a ejecutar diferentes tareas denigrantes\u201d, desde organizar una cena a base de diferentes bebidas alcoh\u00f3licas y gaseosa, cigarrillos y comida a pedido de los sindicados, hasta consumirlas de forma descontrolada.<\/p>\n\n\n\n<p>\u201cCon el est\u00f3mago vac\u00edo los obligaron a beber alcohol en exceso, extendi\u00e9ndole sus copas, una de ella conteniendo vino con abundante sal, bajo la orden \u2018tome, tome\u2019, provocando que perdieran el conocimiento\u201d. Asimismo, les exigieron que se colocaran la ropa de verano ante temperaturas de entre 4 y 2 grados y se sumergieran a la pileta del casino de oficiales cuya agua se encontraba sucia, por un tiempo de 30 segundos aproximadamente.<\/p>\n\n\n\n<p>Con el paso de las horas fueron perdiendo el conocimiento por la intoxicaci\u00f3n alcoh\u00f3lica y las dem\u00e1s circunstancias de maltrato. En este contexto fueron abandonados en el lugar, donde quedaron recostados en unas colchonetas que estaban tiradas en el piso hasta las 06:09 que se emiti\u00f3 una alerta por el grave estado en el que se encontraba uno de los subtenientes, el joven Chirino.<\/p>\n\n\n\n<p>Seg\u00fan la autopsia realizada, la v\u00edctima muri\u00f3 por broncoaspiraci\u00f3n tras vomitar en estado de inconsciencia y estando acostado, mientras que se registr\u00f3 1,45 gramos de alcohol por litro de sangre.<\/p>\n\n\n\n<p>A ra\u00edz de la tr\u00e1gica muerte, en 2022, el entonces ministro de Defensa, Jorge Taiana, prohibi\u00f3 la autorizaci\u00f3n y realizaci\u00f3n de festejos, \u201critos y ceremonias de iniciaci\u00f3n\u201d, reuniones sociales o cualquier tipo de actividad; as\u00ed como tambi\u00e9n el ingreso, provisi\u00f3n y consumo de bebidas alcoh\u00f3licas dentro de unidades y establecimientos militares con motivo del comienzo o la finalizaci\u00f3n de actividades de formaci\u00f3n o entrenamiento.El Tribunal Oral Federal de Corrientes, prosigue este martes con el juicio contra nueve militares acusados de homicidio simple por la muerte del subteniente Mat\u00edas Chirino, quien falleci\u00f3 en junio de 2022 tras ser sometido a un ritual de bienvenida en Paso de los Libres, Corrientes.<\/p>\n\n\n\n<p>En el transcurso de esta ma\u00f1ana el abogado querellante, Claudio Orosz<strong>, pidi\u00f3 21 a\u00f1os de prisi\u00f3n para los imputados como coautores y 9 a\u00f1os de prision para los participes secundarios.<\/strong><\/p>\n\n\n\n<p>En este proceso est\u00e1n acusados como coautores del delito Rub\u00e9n Dar\u00edo Ruiz, Claudio Andr\u00e9s Luna, Hugo Reclus Mart\u00ednez Tarraga, Exequiel Emanuel Aguilar, Dar\u00edo Emanuel Mart\u00ednez, Luis Facundo Acosta y Gerardo Sebasti\u00e1n Bautista. Y como part\u00edcipes secundarios, Franco Dami\u00e1n Grupico y Claudia Daniela Cayata.<\/p>\n\n\n\n<p><\/p>\n","protected":false},"excerpt":{"rendered":"<p>El Tribunal Oral Federal de Corrientes, prosigue este martes con el juicio contra nueve militares acusados de homicidio simple por la muerte del subteniente Mat\u00edas Chirino, quien falleci\u00f3 en junio&hellip; <\/p>\n","protected":false},"author":1,"featured_media":169072,"comment_status":"closed","ping_status":"open","sticky":false,"template":"","format":"standard","meta":{"footnotes":""},"categories":[5],"tags":[],"class_list":["post-169066","post","type-post","status-publish","format-standard","has-post-thumbnail","hentry","category-crimen-y-justicia"],"_links":{"self":[{"href":"https:\/\/corrientesdetarde.com\/index.php\/wp-json\/wp\/v2\/posts\/169066","targetHints":{"allow":["GET"]}}],"collection":[{"href":"https:\/\/corrientesdetarde.com\/index.php\/wp-json\/wp\/v2\/posts"}],"about":[{"href":"https:\/\/corrientesdetarde.com\/index.php\/wp-json\/wp\/v2\/types\/post"}],"author":[{"embeddable":true,"href":"https:\/\/corrientesdetarde.com\/index.php\/wp-json\/wp\/v2\/users\/1"}],"replies":[{"embeddable":true,"href":"https:\/\/corrientesdetarde.com\/index.php\/wp-json\/wp\/v2\/comments?post=169066"}],"version-history":[{"count":1,"href":"https:\/\/corrientesdetarde.com\/index.php\/wp-json\/wp\/v2\/posts\/169066\/revisions"}],"predecessor-version":[{"id":169073,"href":"https:\/\/corrientesdetarde.com\/index.php\/wp-json\/wp\/v2\/posts\/169066\/revisions\/169073"}],"wp:featuredmedia":[{"embeddable":true,"href":"https:\/\/corrientesdetarde.com\/index.php\/wp-json\/wp\/v2\/media\/169072"}],"wp:attachment":[{"href":"https:\/\/corrientesdetarde.com\/index.php\/wp-json\/wp\/v2\/media?parent=169066"}],"wp:term":[{"taxonomy":"category","embeddable":true,"href":"https:\/\/corrientesdetarde.com\/index.php\/wp-json\/wp\/v2\/categories?post=169066"},{"taxonomy":"post_tag","embeddable":true,"href":"https:\/\/corrientesdetarde.com\/index.php\/wp-json\/wp\/v2\/tags?post=169066"}],"curies":[{"name":"wp","href":"https:\/\/api.w.org\/{rel}","templated":true}]}}