{"id":169305,"date":"2024-10-30T14:26:15","date_gmt":"2024-10-30T17:26:15","guid":{"rendered":"https:\/\/corrientesdetarde.com\/?p=169305"},"modified":"2024-10-30T14:26:19","modified_gmt":"2024-10-30T17:26:19","slug":"los-3-motivos-de-los-gremios-detras-de-una-medida-que-busca-elevar-la-confrontacion-con-el-gobierno","status":"publish","type":"post","link":"https:\/\/corrientesdetarde.com\/index.php\/politica\/los-3-motivos-de-los-gremios-detras-de-una-medida-que-busca-elevar-la-confrontacion-con-el-gobierno\/","title":{"rendered":"Los 3 motivos de los gremios detr\u00e1s de una medida que busca elevar la confrontaci\u00f3n con el Gobierno"},"content":{"rendered":"\n<p>El Gobierno sostiene que los sindicatos que impulsan la huelga ya cerraron sus paritarias y no tienen justificaci\u00f3n para protestar. \u201cNo hay un reclamo concreto\u201d, dijo el secretario de Transporte, Franco Mogetta.<\/p>\n\n\n\n<p>El\u00a0<strong>paro de transporte<\/strong>\u00a0de este mi\u00e9rcoles es\u00a0<strong>pol\u00edtico<\/strong>. El\u00a0<strong>Gobierno\u00a0<\/strong>lo se\u00f1ala expresamente, y hay varias\u00a0<strong>pruebas bien claras<\/strong>\u00a0que permiten sostener esa hip\u00f3tesis.<\/p>\n\n\n\n<p>La primera: hay que recordar c\u00f3mo se decidi\u00f3 su realizaci\u00f3n. El\u00a0<strong>origen de la medida de fuerza<\/strong>\u00a0gira en torno al conflicto de los\u00a0<strong>pilotos aeron\u00e1uticos<\/strong>\u00a0y de su l\u00edder,\u00a0<strong>Pablo Bir\u00f3<\/strong>, por los recortes en\u00a0<strong>Aerol\u00edneas Argentinas<\/strong>. Fue en ese momento en que se sum\u00f3\u00a0<strong>Pablo Moyano<\/strong>\u00a0con sus posiciones combativas, que\u00a0<strong>no tienen eco dentro de la CGT<\/strong>. As\u00ed naci\u00f3 el paro que decret\u00f3 la\u00a0<strong>Mesa Nacional de Transporte<\/strong>, organizada para enfrentar al gobierno de\u00a0<strong>Javier Milei<\/strong>.<\/p>\n\n\n\n<p>Segundo. Los&nbsp;<strong>reclamos&nbsp;<\/strong>que formulan hoy los gremios que adhieren no<strong>&nbsp;son salariales<\/strong>. Es m\u00e1s, mientras que los&nbsp;<strong>pilotos&nbsp;<\/strong>y el personal de la&nbsp;<strong>AFIP<\/strong>&nbsp;y&nbsp;<strong>Aduana&nbsp;<\/strong>\u2014estos \u00faltimos gremios que se adhieren al paro ganan sueldos muy altos\u2014, otros est\u00e1n en un nivel m\u00e1s bajo, como los&nbsp;<strong>camioneros<\/strong>, y m\u00e1s a\u00fan, los&nbsp;<strong>maquinistas de trenes<\/strong>.<\/p>\n\n\n\n<p>Tercero. Casi todos esos gremios\u00a0<strong>ya cerraron paritarias<\/strong>. Por el contrario, los reclamos que explicitan todos los sectores son\u00a0<strong>consignas pol\u00edticas<\/strong>: se manifiestan contra el Gobierno, al que acusan de impulsar\u00a0<strong>privatizaciones\u00a0<\/strong>y llevar adelante\u00a0<strong>\u201cpol\u00edticas de hambre\u201d<\/strong>.<\/p>\n\n\n\n<p>La\u00a0<strong>UTA<\/strong>\u00a0se ocup\u00f3 de ponerlos en evidencia:\u00a0<strong>Roberto Fern\u00e1ndez<\/strong>\u00a0decidi\u00f3\u00a0no adherir a la protesta de este mi\u00e9rcoles\u00a0porque\u00a0<strong>dijo que su reclamo s\u00ed es exclusivamente salarial<\/strong>\u00a0y no pol\u00edtico. El sindicato de los\u00a0<strong>colectiveros\u00a0<\/strong>anunci\u00f3 por su cuenta un paro para el\u00a0<strong>jueves 31<\/strong>\u00a0con el objetivo de ejercer presi\u00f3n en medio de la paritaria.<\/p>\n\n\n\n<p>El\u00a0<strong>Gobierno<\/strong>, en tanto, apuesta a\u00a0<strong>exponer a los gremialistas<\/strong>\u00a0frente al\u00a0<strong>malhumor social<\/strong>\u00a0para generarles desgaste. \u201cEs un\u00a0<strong>boicot pol\u00edtico<\/strong>,\u00a0<strong>no tienen justificaci\u00f3n<\/strong>\u00a0para la medida de fuerza\u201d, plante\u00f3 el secretario de Transporte,\u00a0<strong>Franco Mogetta<\/strong>. El funcionario libertario insisti\u00f3 en que<strong>\u00a0\u201cno hay un reclamo concreto\u201d<\/strong>\u00a0de los sindicatos y tild\u00f3 de\u00a0<strong>\u201cjinetes del atraso\u201d<\/strong>\u00a0a los impulsores de la huelga.<\/p>\n\n\n\n<p>En la misma l\u00ednea, el vocero presidencial,\u00a0<strong>Manuel Adorni<\/strong>, describi\u00f3 a los gremios como \u201clos\u00a0<strong>privilegiados\u00a0<\/strong>que\u00a0<strong>pueden darse el lujo<\/strong>\u00a0de parar\u201d. M\u00e1s all\u00e1 de las declaraciones p\u00fablicas, lo cierto es que el\u00a0<strong>Gobierno<\/strong>\u00a0considera que\u00a0<strong>los paros de transporte<\/strong>\u00a0podr\u00edan favorecer a su imagen.\u00a0<strong>\u201cSon justamente el enemigo que est\u00e1 enfrente\u201d<\/strong>, dijo una fuente de Casa Rosada<\/p>\n\n\n\n<p><strong>\u201cSon sindicalistas garcas que le complican la vida a la gente\u201d,&nbsp;<\/strong>asegur\u00f3 otro funcionario frente al paro incentivado por el ala dura de la CGT. Y agreg\u00f3: \u201cNo hay motivos para esta medida\u201d. Al Gobierno no le preocupa el paro general, que cuenta con el apoyo de&nbsp;<strong>movimientos sociales y estudiantes<\/strong>, en medio del conflicto que mantiene con las universidades nacionales por las auditor\u00edas.<\/p>\n","protected":false},"excerpt":{"rendered":"<p>El Gobierno sostiene que los sindicatos que impulsan la huelga ya cerraron sus paritarias y no tienen justificaci\u00f3n para protestar. \u201cNo hay un reclamo concreto\u201d, dijo el secretario de Transporte,&hellip; <\/p>\n","protected":false},"author":8,"featured_media":169306,"comment_status":"closed","ping_status":"open","sticky":false,"template":"","format":"standard","meta":{"footnotes":""},"categories":[3],"tags":[],"class_list":["post-169305","post","type-post","status-publish","format-standard","has-post-thumbnail","hentry","category-politica"],"_links":{"self":[{"href":"https:\/\/corrientesdetarde.com\/index.php\/wp-json\/wp\/v2\/posts\/169305","targetHints":{"allow":["GET"]}}],"collection":[{"href":"https:\/\/corrientesdetarde.com\/index.php\/wp-json\/wp\/v2\/posts"}],"about":[{"href":"https:\/\/corrientesdetarde.com\/index.php\/wp-json\/wp\/v2\/types\/post"}],"author":[{"embeddable":true,"href":"https:\/\/corrientesdetarde.com\/index.php\/wp-json\/wp\/v2\/users\/8"}],"replies":[{"embeddable":true,"href":"https:\/\/corrientesdetarde.com\/index.php\/wp-json\/wp\/v2\/comments?post=169305"}],"version-history":[{"count":1,"href":"https:\/\/corrientesdetarde.com\/index.php\/wp-json\/wp\/v2\/posts\/169305\/revisions"}],"predecessor-version":[{"id":169307,"href":"https:\/\/corrientesdetarde.com\/index.php\/wp-json\/wp\/v2\/posts\/169305\/revisions\/169307"}],"wp:featuredmedia":[{"embeddable":true,"href":"https:\/\/corrientesdetarde.com\/index.php\/wp-json\/wp\/v2\/media\/169306"}],"wp:attachment":[{"href":"https:\/\/corrientesdetarde.com\/index.php\/wp-json\/wp\/v2\/media?parent=169305"}],"wp:term":[{"taxonomy":"category","embeddable":true,"href":"https:\/\/corrientesdetarde.com\/index.php\/wp-json\/wp\/v2\/categories?post=169305"},{"taxonomy":"post_tag","embeddable":true,"href":"https:\/\/corrientesdetarde.com\/index.php\/wp-json\/wp\/v2\/tags?post=169305"}],"curies":[{"name":"wp","href":"https:\/\/api.w.org\/{rel}","templated":true}]}}