{"id":169309,"date":"2024-10-30T14:30:12","date_gmt":"2024-10-30T17:30:12","guid":{"rendered":"https:\/\/corrientesdetarde.com\/?p=169309"},"modified":"2024-10-30T14:30:17","modified_gmt":"2024-10-30T17:30:17","slug":"mujeres-radicales-repudian-dichos-de-milei-sobre-alfonsin","status":"publish","type":"post","link":"https:\/\/corrientesdetarde.com\/index.php\/politica\/mujeres-radicales-repudian-dichos-de-milei-sobre-alfonsin\/","title":{"rendered":"MUJERES RADICALES REPUDIAN DICHOS DE MILEI SOBRE ALFONSIN"},"content":{"rendered":"\n<p>(Corresponsal\u00eda Buenos Aires) &#8211; En un encendido D\u00eda de la Recuperaci\u00f3n de la Democracia, las palabras del presidente Javier Milei provocaron una ola de reacciones. En esta ocasi\u00f3n, el blanco de sus cr\u00edticas fue Ra\u00fal Alfons\u00edn, el expresidente que simboliza para muchos el retorno a la democracia en Argentina. Desde la Uni\u00f3n C\u00edvica Radical (UCR), la Secretaria de la Mujer, Lorena Matzen, no tard\u00f3 en responder con contundencia ante lo que consider\u00f3 un agravio contra la figura hist\u00f3rica de su partido.<\/p>\n\n\n\n<p>&#8220;Una vez m\u00e1s, el presidente Milei insulta la memoria de un gran l\u00edder&#8221;, afirm\u00f3 Matzen en un comunicado, refiri\u00e9ndose a Alfons\u00edn como &#8220;una persona que supo inspirar al pueblo para salir de una \u00e9poca oscura&#8221;. La legisladora rionegrina y exdiputada nacional apunt\u00f3 contra lo que describi\u00f3 como una &#8220;falta de respeto&#8221; hacia el hombre que, seg\u00fan sus palabras, &#8220;impuls\u00f3 valores que hoy nos siguen representando&#8221;.<\/p>\n\n\n\n<p>Para Matzen, los dichos de Milei no fueron un simple exabrupto, sino una &#8220;clara provocaci\u00f3n&#8221; contra el radicalismo, con el fin de &#8220;corroer las ra\u00edces de nuestro sistema democr\u00e1tico&#8221;. Con un tono en\u00e9rgico, se\u00f1al\u00f3 que esta conducta forma parte de una &#8220;actitud ofensiva frecuente en el presidente&#8221;, a quien acusa de &#8220;limitar libertades y denigrar a quienes piensan distinto&#8221;.<\/p>\n\n\n\n<p>Los elogios hacia Alfons\u00edn fueron el n\u00facleo de la respuesta de Matzen. \u201cRa\u00fal Alfons\u00edn se gan\u00f3 el respeto de la gente con otro car\u00e1cter&#8221;, afirm\u00f3, destacando su compromiso con los derechos humanos, la soberan\u00eda nacional, y la justicia social. En palabras de Matzen, su legado constituye un &#8220;rumbo&#8221; para el radicalismo, una br\u00fajula moral que el partido no est\u00e1 dispuesto a perder.<\/p>\n\n\n\n<p>Para la dirigente radical, la cr\u00edtica de Milei, lejos de desalentar, renueva el compromiso de su partido con la defensa de los valores democr\u00e1ticos. \u201cNos impulsa a levantar m\u00e1s altas las banderas del partido radical\u201d, asegur\u00f3, reafirmando la convicci\u00f3n de la UCR en la construcci\u00f3n de una democracia s\u00f3lida.<\/p>\n\n\n\n<p>La declaraci\u00f3n concluy\u00f3 con un llamado a la unidad y a la actividad constante, para no olvidar la importancia de defender una democracia que, en palabras de Matzen, &#8220;tanto nos cost\u00f3&#8221;.<\/p>\n","protected":false},"excerpt":{"rendered":"<p>(Corresponsal\u00eda Buenos Aires) &#8211; En un encendido D\u00eda de la Recuperaci\u00f3n de la Democracia, las palabras del presidente Javier Milei provocaron una ola de reacciones. En esta ocasi\u00f3n, el blanco&hellip; <\/p>\n","protected":false},"author":11,"featured_media":169311,"comment_status":"closed","ping_status":"open","sticky":false,"template":"","format":"standard","meta":{"footnotes":""},"categories":[3],"tags":[],"class_list":["post-169309","post","type-post","status-publish","format-standard","has-post-thumbnail","hentry","category-politica"],"_links":{"self":[{"href":"https:\/\/corrientesdetarde.com\/index.php\/wp-json\/wp\/v2\/posts\/169309","targetHints":{"allow":["GET"]}}],"collection":[{"href":"https:\/\/corrientesdetarde.com\/index.php\/wp-json\/wp\/v2\/posts"}],"about":[{"href":"https:\/\/corrientesdetarde.com\/index.php\/wp-json\/wp\/v2\/types\/post"}],"author":[{"embeddable":true,"href":"https:\/\/corrientesdetarde.com\/index.php\/wp-json\/wp\/v2\/users\/11"}],"replies":[{"embeddable":true,"href":"https:\/\/corrientesdetarde.com\/index.php\/wp-json\/wp\/v2\/comments?post=169309"}],"version-history":[{"count":1,"href":"https:\/\/corrientesdetarde.com\/index.php\/wp-json\/wp\/v2\/posts\/169309\/revisions"}],"predecessor-version":[{"id":169312,"href":"https:\/\/corrientesdetarde.com\/index.php\/wp-json\/wp\/v2\/posts\/169309\/revisions\/169312"}],"wp:featuredmedia":[{"embeddable":true,"href":"https:\/\/corrientesdetarde.com\/index.php\/wp-json\/wp\/v2\/media\/169311"}],"wp:attachment":[{"href":"https:\/\/corrientesdetarde.com\/index.php\/wp-json\/wp\/v2\/media?parent=169309"}],"wp:term":[{"taxonomy":"category","embeddable":true,"href":"https:\/\/corrientesdetarde.com\/index.php\/wp-json\/wp\/v2\/categories?post=169309"},{"taxonomy":"post_tag","embeddable":true,"href":"https:\/\/corrientesdetarde.com\/index.php\/wp-json\/wp\/v2\/tags?post=169309"}],"curies":[{"name":"wp","href":"https:\/\/api.w.org\/{rel}","templated":true}]}}