{"id":169477,"date":"2024-10-31T07:38:31","date_gmt":"2024-10-31T10:38:31","guid":{"rendered":"https:\/\/corrientesdetarde.com\/?p=169477"},"modified":"2024-10-31T07:38:36","modified_gmt":"2024-10-31T10:38:36","slug":"jornada-de-paro-movilizacion-gremial-y-regreso-de-los-piquetes","status":"publish","type":"post","link":"https:\/\/corrientesdetarde.com\/index.php\/actualidad\/jornada-de-paro-movilizacion-gremial-y-regreso-de-los-piquetes\/","title":{"rendered":"Jornada de paro, movilizaci\u00f3n gremial y regreso de los piquetes"},"content":{"rendered":"\n<p>Sindicatos, estudiantes y movimientos sociales reclamaron en la plaza 25 de Mayo en contra de los recortes del Gobierno nacional que impactan en salarios, subsidios y transporte. En la rotonda de Itat\u00ed, organizaciones pidieron alimentos.<\/p>\n\n\n\n<p><a target=\"_blank\" rel=\"noreferrer noopener\" href=\"https:\/\/api.whatsapp.com\/send?text=Jornada%20de%20paro,%20movilizaci%C3%B3n%20gremial%20y%20regreso%20de%20los%20piquetes%20-%20https:\/\/www.diarioepoca.com\/1336733-jornada-de-paro-movilizacion-gremial-y-regreso-de-los-piquetes?utm_source=WhatsApp%26utm_medium=WhatsApp%26utm_campaign=WhatsApp%26utm_term=WhatsApp\"><\/a><a href=\"https:\/\/www.diarioepoca.com\/1336733-jornada-de-paro-movilizacion-gremial-y-regreso-de-los-piquetes#\"><\/a><a href=\"https:\/\/www.diarioepoca.com\/1336733-jornada-de-paro-movilizacion-gremial-y-regreso-de-los-piquetes#\"><\/a><\/p>\n\n\n\n<p>Representantes de gremios de base en Corrientes, de sectores diversos como universitarios, estatales, provinciales de las dos CTA, privados nucleados en la CGT, organizaciones sociales, participaron de una jornada de protesta. Hubo una clase p\u00fablica y radio abierta frente a Casa de Gobierno, y piquetes en la zona de la rotonda de la Virgen de Itat\u00ed.<\/p>\n\n\n\n<p>Las protestas en la ciudad se realizaron en paralelo al masivo paro de transporte en la zona central del pa\u00eds convocado por un sector de la CGT, encabezado por Pablo Moyano y las dos CTA como medida de protesta en contra de los recortes que afectan subsidios de tarifas, transporte y la reducci\u00f3n del Estado, tales como la privatizaci\u00f3n de Aerol\u00edneas Argentinas y el retaceo de fondos a las universidades p\u00fablicas y a las provincias. La Uni\u00f3n Tranviario Automotor (UTA) no adhiri\u00f3 a la huelga de ayer. En la regi\u00f3n se desestim\u00f3 una adhesi\u00f3n en Corrientes, pero hubo anuncios en la capital del Chaco.<\/p>\n\n\n\n<figure class=\"wp-block-image\"><img decoding=\"async\" src=\"https:\/\/www.diarioepoca.com\/content\/bucket\/1\/1392451w380h264c.jpg.webp\" alt=\"\"\/><\/figure>\n\n\n\n<p>En Corrientes la consigna fue &#8220;Unidad y Solidaridad&#8221; de trabajadores y estudiantes, ya que el \u00fanico sector que convoc\u00f3 a un paro fue el de docentes y no docentes universitarios, con r\u00e9plicas de los gremios de base que nuclea a trabajadores de la UNNE como CODIUNNE, ADIUNNE y ATUN. Por la tarde se realiz\u00f3 una clase p\u00fablica en el Campus Resistencia de la casa de altos estudios. El reclamo conjunto contin\u00faa siendo un aumento salarial para el sector y del presupuesto en el proyecto 2025.<\/p>\n\n\n\n<p>Si bien estaba prevista una huelga de 24 horas en todas las sedes de la ex AFIP, incluida Corrientes, finalmente la medida debi\u00f3 retrotraerse ante un llamado a conciliaci\u00f3n obligatoria que realiz\u00f3 la Secretar\u00eda de Trabajo de la Naci\u00f3n. Esta rige por 15 d\u00edas y el lunes habr\u00e1 una audiencia con representantes gremiales en Buenos Aires.<\/p>\n\n\n\n<p>Frente a Casa de Gobierno, en la plaza 25 de Mayo, se uni\u00f3 un bloque representantes de unas 30 organizaciones gremiales, sociales y estudiantiles que entregaron petitorios con demandas de aumentos de sueldo, estabilidad laboral, asistencia para comedores, generaci\u00f3n de empleo, acceso a tierras productivas, defensa de recursos naturales y estrat\u00e9gicos de la Provincia y de la Naci\u00f3n, seg\u00fan indicaron a trav\u00e9s de un comunicado.<\/p>\n\n\n\n<p>All\u00ed se realiz\u00f3 una radio abierta y una clase p\u00fablica en la cual se inform\u00f3 sobre el impacto del ajuste econ\u00f3mico del Gobierno nacional en las casas de altos estudios y en el sistema cient\u00edfico-tecnol\u00f3gico nacional. Los sindicatos, adem\u00e1s, hablaron de las p\u00e9rdidas de empleo y la desagregaci\u00f3n de programas nacionales y provinciales de inclusi\u00f3n para los sectores de mayor vulnerabilidad sociecon\u00f3mica.<\/p>\n\n\n\n<p>En la rotonda de la Virgen de Itat\u00ed, de acceso a la ciudad de Corrientes, decenas de organizaciones sociales, cooperativas de trabajo y trabajadores de la econom\u00eda popular cortaron la ruta por unos minutos para reclamar la asistencia alimentaria a comedores barriales, oportunidades de inserci\u00f3n laboral y herramientas de contenci\u00f3n laboral y social, entre otros puntos. A nivel nacional, en tanto, se realizaron unos 500 piquetes en reclamo de alimentos y en contra del ajuste a sectores de mayor vulnerabilidad.<\/p>\n","protected":false},"excerpt":{"rendered":"<p>Sindicatos, estudiantes y movimientos sociales reclamaron en la plaza 25 de Mayo en contra de los recortes del Gobierno nacional que impactan en salarios, subsidios y transporte. En la rotonda&hellip; <\/p>\n","protected":false},"author":12,"featured_media":169485,"comment_status":"closed","ping_status":"open","sticky":false,"template":"","format":"standard","meta":{"footnotes":""},"categories":[23],"tags":[],"class_list":["post-169477","post","type-post","status-publish","format-standard","has-post-thumbnail","hentry","category-actualidad"],"_links":{"self":[{"href":"https:\/\/corrientesdetarde.com\/index.php\/wp-json\/wp\/v2\/posts\/169477","targetHints":{"allow":["GET"]}}],"collection":[{"href":"https:\/\/corrientesdetarde.com\/index.php\/wp-json\/wp\/v2\/posts"}],"about":[{"href":"https:\/\/corrientesdetarde.com\/index.php\/wp-json\/wp\/v2\/types\/post"}],"author":[{"embeddable":true,"href":"https:\/\/corrientesdetarde.com\/index.php\/wp-json\/wp\/v2\/users\/12"}],"replies":[{"embeddable":true,"href":"https:\/\/corrientesdetarde.com\/index.php\/wp-json\/wp\/v2\/comments?post=169477"}],"version-history":[{"count":2,"href":"https:\/\/corrientesdetarde.com\/index.php\/wp-json\/wp\/v2\/posts\/169477\/revisions"}],"predecessor-version":[{"id":169487,"href":"https:\/\/corrientesdetarde.com\/index.php\/wp-json\/wp\/v2\/posts\/169477\/revisions\/169487"}],"wp:featuredmedia":[{"embeddable":true,"href":"https:\/\/corrientesdetarde.com\/index.php\/wp-json\/wp\/v2\/media\/169485"}],"wp:attachment":[{"href":"https:\/\/corrientesdetarde.com\/index.php\/wp-json\/wp\/v2\/media?parent=169477"}],"wp:term":[{"taxonomy":"category","embeddable":true,"href":"https:\/\/corrientesdetarde.com\/index.php\/wp-json\/wp\/v2\/categories?post=169477"},{"taxonomy":"post_tag","embeddable":true,"href":"https:\/\/corrientesdetarde.com\/index.php\/wp-json\/wp\/v2\/tags?post=169477"}],"curies":[{"name":"wp","href":"https:\/\/api.w.org\/{rel}","templated":true}]}}