{"id":169480,"date":"2024-10-31T07:40:29","date_gmt":"2024-10-31T10:40:29","guid":{"rendered":"https:\/\/corrientesdetarde.com\/?p=169480"},"modified":"2024-10-31T07:40:43","modified_gmt":"2024-10-31T10:40:43","slug":"designaron-supervisores-directores-y-vicedirectores-del-nivel-primario","status":"publish","type":"post","link":"https:\/\/corrientesdetarde.com\/index.php\/destacados\/designaron-supervisores-directores-y-vicedirectores-del-nivel-primario\/","title":{"rendered":"Designaron supervisores, directores y vicedirectores del nivel primario"},"content":{"rendered":"\n<p>El acto fue encabezado por la ministra de Educaci\u00f3n de la Provincia, Pr\u00e1xedes L\u00f3pez, en la ceremonia de designaci\u00f3n de los nuevos cargos a los docentes que finalizaron con \u00e9xito el Concurso de Ascenso de Categor\u00eda y Jerarqu\u00eda 2023.<a href=\"https:\/\/api.whatsapp.com\/send?text=Designaron%20supervisores,%20directores%20y%20vicedirectores%20del%20nivel%20primario%20-%20https:\/\/www.diarioepoca.com\/1336738-designaron-supervisores-directores-y-vicedirectores-del-nivel-primario?utm_source=WhatsApp%26utm_medium=WhatsApp%26utm_campaign=WhatsApp%26utm_term=WhatsApp\" target=\"_blank\" rel=\"noreferrer noopener\"><\/a><a href=\"https:\/\/www.diarioepoca.com\/1336738-designaron-supervisores-directores-y-vicedirectores-del-nivel-primario#\"><\/a><a href=\"https:\/\/www.diarioepoca.com\/1336738-designaron-supervisores-directores-y-vicedirectores-del-nivel-primario#\"><\/a><\/p>\n\n\n\n<p>Luego de un proceso arduo y extenso, docentes del nivel inicial y primario de todos los rincones de la provincia de Corrientes recibieron la designaci\u00f3n de los cargos concursados entre los que se encontraban los de supervisores, directores y vicedirectores. Este logro hist\u00f3rico se dio gracias al resultado del trabajo conjunto del Ministerio de Educaci\u00f3n de la Provincia de Corrientes, el Consejo General de Educaci\u00f3n y las Juntas de Disciplina y Clasificaci\u00f3n del Nivel Primario.<\/p>\n\n\n\n<p>&#8220;Estamos ac\u00e1 despu\u00e9s de 15 a\u00f1os con supervisores. F\u00edjense si no ser\u00e1 un hito para la docencia&#8221;, dijo la ministra de Educaci\u00f3n Pr\u00e1xedes L\u00f3pez, que adem\u00e1s marc\u00f3: &#8220;Traigo el saludo del gobernador Gustavo Vald\u00e9s quien nos encomend\u00f3 trabajar incansablemente por la docencia&#8221;.<\/p>\n\n\n\n<p>La ministra marc\u00f3 la importancia de estos concursos y cont\u00f3: &#8220;Es parte de la carrera docente que am\u00e9 desde que estaba en la secundaria y ense\u00f1aba Matem\u00e1ticas en mi casa, despu\u00e9s llegu\u00e9 a la sala de supervisores y luego fui convocada para ocupar mi primer cargo pol\u00edtico como Directora de T\u00e9cnica. Esta carrera docente exige mucha formaci\u00f3n&#8221;, resalt\u00f3 y record\u00f3 tambi\u00e9n que ella fue parte de la \u00faltima camada de directivos que concursaron en secundaria. &#8220;Despu\u00e9s de eso todav\u00eda no podemos despegar con el nivel secundario&#8221;, dijo, a la vez que manifest\u00f3 y al mismo tiempo felicit\u00f3 el trabajo de la cartera educativa provincial al realizar este concurso. &#8220;No dejen caer estos concursos. Hoy toca en Primaria y tenemos que seguir avanzando paso a paso&#8221;.<\/p>\n\n\n\n<p>En el mismo sentido, la presidente del Consejo General de Educaci\u00f3n, Mar\u00eda Silvina Rollet, hizo hincapi\u00e9 en el sacrificio y esfuerzo que demand\u00f3 escribir este nuevo cap\u00edtulo en la historia del Consejo General de Educaci\u00f3n. &#8220;Hoy ustedes asumir\u00e1n la responsabilidad de liderar las escuelas que eligieron&#8221;, manifest\u00f3 e invit\u00f3 a los presentes a trabajar juntos para hacer de las escuelas de nivel inicial y primario un lugar en el que todos se sientan orgullosos de estar.<\/p>\n\n\n\n<figure class=\"wp-block-image\"><img decoding=\"async\" src=\"https:\/\/www.diarioepoca.com\/content\/bucket\/5\/1392455w380h274c.jpg.webp\" alt=\"\"\/><\/figure>\n\n\n\n<p>A su turno, el docente Rub\u00e9n Dar\u00edo Rodr\u00edguez, de la Escuela N\u00b0419 Guardacostas R\u00edo Iguaz\u00fa de Apip\u00e9 Grande, relat\u00f3 el paso a paso de su experiencia en el concurso y marc\u00f3: &#8220;El docente hace patria cada d\u00eda, y cuando esa patria es el campo, la tarea se hace muy cuesta arriba. El concurso fue un desaf\u00edo porque para muchos de nosotros corri\u00f3 con miedos, incertidumbres y largas horas de desvelo y muchas privaciones. Nos golpe\u00f3 de lleno la virtualidad, y encontrar los enlaces para capacitarnos fue una gran odisea, pero all\u00e1 fuimos, con m\u00e1s coraje que conocimientos&#8221;. Consider\u00f3 adem\u00e1s: &#8220;Despu\u00e9s de muchos a\u00f1os, las escuelas van a poder retomar el dinamismo institucional que tanto reclam\u00e1bamos y asumimos la responsabilidad de garantizar excelencia educativa para los alumnos&#8221;.<\/p>\n\n\n\n<h2 class=\"wp-block-heading\">En Corrientes, las clases finalizar\u00e1n el 20 de diciembre<\/h2>\n\n\n\n<figure class=\"wp-block-image\"><img decoding=\"async\" src=\"https:\/\/www.diarioepoca.com\/content\/bucket\/4\/1392454w380h351c.jpg.webp\" alt=\"\"\/><\/figure>\n\n\n\n<p>El ciclo lectivo 2024 en la provincia de Corrientes est\u00e1 llegando a su fin y muchos se preguntan hasta cu\u00e1ndo continuar\u00e1n las clases este a\u00f1o. El calendario escolar oficial determin\u00f3 cu\u00e1ndo se dar\u00e1n inicio a las vacaciones de verano, per\u00edodo de receso de m\u00e1s de dos meses en que los ni\u00f1os no deben asistir a clases.<\/p>\n\n\n\n<p>Las directrices nacionales marcan que se deben garantizar al menos 180 d\u00edas de actividad escolar. Este a\u00f1o, seg\u00fan detallaron, se proyecta un ciclo lectivo con al menos 190 d\u00edas de clases, lo que cumplir\u00e1 la normativa.<\/p>\n\n\n\n<p>Las familias comienzan a planificar sus vacaciones de verano 2025, luego de que la Secretar\u00eda del Consejo Federal de Educaci\u00f3n diera a conocer las fechas de finalizaci\u00f3n del ciclo lectivo 2024 y la cantidad de d\u00edas de clases obligatorias, a partir del que cada provincia puede presentar modificaciones respecto a cu\u00e1ndo ser\u00e1 la \u00faltima jornada en cada distrito.<\/p>\n\n\n\n<p>En el mes de noviembre 2023 se reunieron los miembros del Consejo Federal de Educaci\u00f3n y all\u00ed quedaron establecidos los 190 d\u00edas de clases efectivos que deben dictarse en 2024.<\/p>\n\n\n\n<p>En muchas provincias las clases para los niveles inicial y primario comenzaron alrededor del 26 de febrero. El secundario, por su parte, empez\u00f3 sus actividades una semana m\u00e1s tarde, ya comenzado el mes de marzo.<\/p>\n\n\n\n<p>Pero lo que interesa a la gente es que en la provincia de Corrientes terminar\u00e1 sus clases el 20 de diciembre. Hasta ese d\u00eda ser\u00e1 el per\u00edodo de ex\u00e1menes y recuperatorios en el territorio provincial, que fue uno de los primeros en iniciar el ciclo lectivo 2024.<\/p>\n","protected":false},"excerpt":{"rendered":"<p>El acto fue encabezado por la ministra de Educaci\u00f3n de la Provincia, Pr\u00e1xedes L\u00f3pez, en la ceremonia de designaci\u00f3n de los nuevos cargos a los docentes que finalizaron con \u00e9xito&hellip; <\/p>\n","protected":false},"author":12,"featured_media":169488,"comment_status":"closed","ping_status":"open","sticky":false,"template":"","format":"standard","meta":{"footnotes":""},"categories":[26],"tags":[],"class_list":["post-169480","post","type-post","status-publish","format-standard","has-post-thumbnail","hentry","category-destacados"],"_links":{"self":[{"href":"https:\/\/corrientesdetarde.com\/index.php\/wp-json\/wp\/v2\/posts\/169480","targetHints":{"allow":["GET"]}}],"collection":[{"href":"https:\/\/corrientesdetarde.com\/index.php\/wp-json\/wp\/v2\/posts"}],"about":[{"href":"https:\/\/corrientesdetarde.com\/index.php\/wp-json\/wp\/v2\/types\/post"}],"author":[{"embeddable":true,"href":"https:\/\/corrientesdetarde.com\/index.php\/wp-json\/wp\/v2\/users\/12"}],"replies":[{"embeddable":true,"href":"https:\/\/corrientesdetarde.com\/index.php\/wp-json\/wp\/v2\/comments?post=169480"}],"version-history":[{"count":2,"href":"https:\/\/corrientesdetarde.com\/index.php\/wp-json\/wp\/v2\/posts\/169480\/revisions"}],"predecessor-version":[{"id":169490,"href":"https:\/\/corrientesdetarde.com\/index.php\/wp-json\/wp\/v2\/posts\/169480\/revisions\/169490"}],"wp:featuredmedia":[{"embeddable":true,"href":"https:\/\/corrientesdetarde.com\/index.php\/wp-json\/wp\/v2\/media\/169488"}],"wp:attachment":[{"href":"https:\/\/corrientesdetarde.com\/index.php\/wp-json\/wp\/v2\/media?parent=169480"}],"wp:term":[{"taxonomy":"category","embeddable":true,"href":"https:\/\/corrientesdetarde.com\/index.php\/wp-json\/wp\/v2\/categories?post=169480"},{"taxonomy":"post_tag","embeddable":true,"href":"https:\/\/corrientesdetarde.com\/index.php\/wp-json\/wp\/v2\/tags?post=169480"}],"curies":[{"name":"wp","href":"https:\/\/api.w.org\/{rel}","templated":true}]}}