{"id":169481,"date":"2024-10-31T07:42:16","date_gmt":"2024-10-31T10:42:16","guid":{"rendered":"https:\/\/corrientesdetarde.com\/?p=169481"},"modified":"2024-10-31T07:42:23","modified_gmt":"2024-10-31T10:42:23","slug":"iba-a-pagar-el-rescate-por-una-moto-robada-pero-lo-asaltaron","status":"publish","type":"post","link":"https:\/\/corrientesdetarde.com\/index.php\/destacados\/iba-a-pagar-el-rescate-por-una-moto-robada-pero-lo-asaltaron\/","title":{"rendered":"Iba a pagar el &#8220;rescate&#8221; por una moto robada, pero lo asaltaron"},"content":{"rendered":"\n<p>El hermano de la due\u00f1a del veh\u00edculo sustra\u00eddo el martes pact\u00f3 un encuentro con los supuestos ladrones, pero era una emboscada de tres hombres armados. Le pegaron y robaron una suma de dinero. Seg\u00fan denunci\u00f3, fue a plena luz del d\u00eda en avenida Pedro Ferr\u00e9.<a href=\"https:\/\/api.whatsapp.com\/send?text=Iba%20a%20pagar%20el%20%22rescate%22%20por%20una%20moto%20robada,%20pero%20lo%20asaltaron%20-%20https:\/\/www.diarioepoca.com\/1336746-iba-a-pagar-el-rescate-por-una-moto-robada-pero-lo-asaltaron?utm_source=WhatsApp%26utm_medium=WhatsApp%26utm_campaign=WhatsApp%26utm_term=WhatsApp\" target=\"_blank\" rel=\"noreferrer noopener\"><\/a><a href=\"https:\/\/www.diarioepoca.com\/1336746-iba-a-pagar-el-rescate-por-una-moto-robada-pero-lo-asaltaron#\"><\/a><a href=\"https:\/\/www.diarioepoca.com\/1336746-iba-a-pagar-el-rescate-por-una-moto-robada-pero-lo-asaltaron#\"><\/a><\/p>\n\n\n\n<p>Los robos de motocicletas volvieron a repetirse con mucha fuerza en la ciudad de Corrientes. Esto trae aparejada otra metodolog\u00eda delictiva: el pedido de recompensa o rescate para, luego, asaltar a las v\u00edctimas.<\/p>\n\n\n\n<p>El caso m\u00e1s reciente se produjo el martes a plena luz del d\u00eda en avenida Pedro Ferr\u00e9 donde tres motochorros con armas de fuego golpearon a un hombre citado a un encuentro, creyendo en la devoluci\u00f3n de un veh\u00edculo sustra\u00eddo horas antes.<\/p>\n\n\n\n<p>Durante el atraco, aparte de sufrir lesiones producto de trompadas y culatazos, le robaron el dinero que portaba, seg\u00fan precisaron fuentes de la pesquisa.<\/p>\n\n\n\n<p>A ra\u00edz de lo sucedido, la Polic\u00eda tiene en sus manos el inicio de una investigaci\u00f3n para intentar determinar si los responsables del robo con armas fueron quienes tambi\u00e9n sustrajeron la moto o, por el contrario, son oportunistas que respondieron a un ofrecimiento de &#8220;recompensa&#8221; que hicieron los damnificados.<\/p>\n\n\n\n<figure class=\"wp-block-image\"><img decoding=\"async\" src=\"https:\/\/www.diarioepoca.com\/content\/bucket\/6\/1392426w380h281c.jpg.webp\" alt=\"\"\/><figcaption class=\"wp-element-caption\">INTERSECCI\u00d3N DONDE UN HOMBRE DIJO HABER SUFRIDO EL ROBO CON VIOLENCIA.<\/figcaption><\/figure>\n\n\n\n<p>De acuerdo a detalles a los cuales accedi\u00f3 este medio, en la comisar\u00eda seccional Tercera tomaron una denuncia referida al robo de una motocicleta Honda XR 150.<\/p>\n\n\n\n<p>El delito se produjo el martes a la madrugada en un predio de viviendas colectivas cercano a la intersecci\u00f3n entre la avenida Teniente Ib\u00e1\u00f1ez y calle Gutenberg del barrio Ber\u00f3n de Astrada.<\/p>\n\n\n\n<p>Una mujer explic\u00f3 que fue a un domicilio a realizar sus labores cotidianas y estacion\u00f3 la moto en un sector de patio interno, con las respectivas medidas de seguridad.<\/p>\n\n\n\n<p>A eso de las 8 not\u00f3 que la moto ya no estaba donde la hab\u00eda dejado. Entonces comenz\u00f3 a indagar y cuando se dio cuenta de que fue robada recurri\u00f3 a las autoridades policiales.<\/p>\n\n\n\n<p>En la dependencia de seguridad, ubicada en la esquina de avenida 3 de Abril y Santa Fe, brind\u00f3 todas las precisiones para que la Polic\u00eda active la investigaci\u00f3n.<\/p>\n\n\n\n<p>Sin embargo, al estar desesperada por semejante p\u00e9rdida, ya que el veh\u00edculo representa un costo de alrededor de cinco millones de pesos, comenz\u00f3 a difundir el pedido de b\u00fasqueda mediante las distintas redes sociales.<\/p>\n\n\n\n<figure class=\"wp-block-image\"><img decoding=\"async\" src=\"https:\/\/www.diarioepoca.com\/content\/bucket\/2\/1392462w380h292c.jpg.webp\" alt=\"\"\/><\/figure>\n\n\n\n<p>Acompa\u00f1ada de fotos de la moto coloc\u00f3 n\u00fameros de tel\u00e9fonos celulares y empezaron a &#8220;llover&#8221; los mensajes como llamados desde n\u00fameros privados.<\/p>\n\n\n\n<p>Una de las comunicaciones fue respondida porque, al parecer, la v\u00edctima y un familiar supusieron que ser\u00eda importante. Desde el otro lado de la l\u00ednea habr\u00edan dicho que ten\u00edan la moto y para su recupero deb\u00edan pagar.<\/p>\n\n\n\n<p>A pesar del riesgo, los due\u00f1os del rodado no acudieron a la Polic\u00eda. Fue una avanzada particular que protagoniz\u00f3 el hermano de la damnificada.<\/p>\n\n\n\n<p>El martes, a la siesta, los supuestos ladrones indicaron que ir\u00edan a su encuentro en inmediaciones a una estaci\u00f3n de servicios, en la intersecci\u00f3n de las avenidas Pedro Ferr\u00e9 y Santa Rosa.<\/p>\n\n\n\n<p>Pero el lugar no fue donde la banda decidi\u00f3 cometer el asalto. Lo hizo a unas cuatro cuadras antes, precisamente sobre la vereda de un local comercial de avenida Chacabuco casi Ferr\u00e9.<\/p>\n\n\n\n<p>A pesar del tr\u00e1nsito en la zona, seg\u00fan coment\u00f3 el hombre que pretend\u00eda recuperar la moto, fue sorprendido a manos de tres sujetos, uno de ellos portando un arma de fuego.<\/p>\n\n\n\n<p>Tras constatar que era la persona que deb\u00eda llevar el dinero comenzaron a golpearlo. Seg\u00fan la v\u00edctima, alcanz\u00f3 a defenderse y los malvivientes huyeron sobre dos motos en distintas direcciones.<\/p>\n\n\n\n<p>La denuncia por este segundo episodio delictivo fue dada a conocer ante las autoridades de la comisar\u00eda seccional Decimonovena.<\/p>\n\n\n\n<p>En s\u00edntesis, las personas afectadas no recuperaron la Honda XR y padecieron un segundo delito mucho m\u00e1s grave.<\/p>\n\n\n\n<h2 class=\"wp-block-heading\">Alerta<\/h2>\n\n\n\n<p>Desde la Polic\u00eda explicaron ayer que ante los reiterados anuncios de oferta de recompensas por motos sustra\u00eddas son &#8220;varios&#8221; los robos de dinero que se habr\u00edan registrado en las \u00faltimas semanas.<\/p>\n\n\n\n<p>Se presume que maleantes responden a los pedidos, enga\u00f1an a los due\u00f1os de los veh\u00edculos robados y cuando pactan la supuesta devoluci\u00f3n terminan cometiendo los asaltos.<\/p>\n\n\n\n<p>Frente a este panorama, la fuerza de seguridad aconseja no pautar este tipo de encuentros.<\/p>\n\n\n\n<h2 class=\"wp-block-heading\">Otra<\/h2>\n\n\n\n<p>Los casos de sustracci\u00f3n de motos van aparejados con las ofertas de pago de recompensa o &#8220;rescate&#8221; que realizan las v\u00edctimas. Todas las semanas ocurren entre cinco y diez robos solamente en el \u00e1mbito de la ciudad capital, una estad\u00edstica preocupante.<\/p>\n\n\n\n<p>Anteayer, en el barrio Villa Raquel, se produjo la sustracci\u00f3n de una Yamaha XTZ. De repente, en las redes sociales comenz\u00f3 a circular la foto del rodado con dos n\u00fameros de tel\u00e9fonos que aportaron los propietarios. &#8220;Hay recompensa, por favor compartir&#8221;, explicaban al pie de la imagen. Una forma desesperada de recuperar lo suyo.<\/p>\n","protected":false},"excerpt":{"rendered":"<p>El hermano de la due\u00f1a del veh\u00edculo sustra\u00eddo el martes pact\u00f3 un encuentro con los supuestos ladrones, pero era una emboscada de tres hombres armados. Le pegaron y robaron una&hellip; <\/p>\n","protected":false},"author":12,"featured_media":169491,"comment_status":"closed","ping_status":"open","sticky":false,"template":"","format":"standard","meta":{"footnotes":""},"categories":[26],"tags":[],"class_list":["post-169481","post","type-post","status-publish","format-standard","has-post-thumbnail","hentry","category-destacados"],"_links":{"self":[{"href":"https:\/\/corrientesdetarde.com\/index.php\/wp-json\/wp\/v2\/posts\/169481","targetHints":{"allow":["GET"]}}],"collection":[{"href":"https:\/\/corrientesdetarde.com\/index.php\/wp-json\/wp\/v2\/posts"}],"about":[{"href":"https:\/\/corrientesdetarde.com\/index.php\/wp-json\/wp\/v2\/types\/post"}],"author":[{"embeddable":true,"href":"https:\/\/corrientesdetarde.com\/index.php\/wp-json\/wp\/v2\/users\/12"}],"replies":[{"embeddable":true,"href":"https:\/\/corrientesdetarde.com\/index.php\/wp-json\/wp\/v2\/comments?post=169481"}],"version-history":[{"count":2,"href":"https:\/\/corrientesdetarde.com\/index.php\/wp-json\/wp\/v2\/posts\/169481\/revisions"}],"predecessor-version":[{"id":169493,"href":"https:\/\/corrientesdetarde.com\/index.php\/wp-json\/wp\/v2\/posts\/169481\/revisions\/169493"}],"wp:featuredmedia":[{"embeddable":true,"href":"https:\/\/corrientesdetarde.com\/index.php\/wp-json\/wp\/v2\/media\/169491"}],"wp:attachment":[{"href":"https:\/\/corrientesdetarde.com\/index.php\/wp-json\/wp\/v2\/media?parent=169481"}],"wp:term":[{"taxonomy":"category","embeddable":true,"href":"https:\/\/corrientesdetarde.com\/index.php\/wp-json\/wp\/v2\/categories?post=169481"},{"taxonomy":"post_tag","embeddable":true,"href":"https:\/\/corrientesdetarde.com\/index.php\/wp-json\/wp\/v2\/tags?post=169481"}],"curies":[{"name":"wp","href":"https:\/\/api.w.org\/{rel}","templated":true}]}}