{"id":169591,"date":"2024-10-31T12:52:42","date_gmt":"2024-10-31T15:52:42","guid":{"rendered":"https:\/\/corrientesdetarde.com\/?p=169591"},"modified":"2024-10-31T12:52:54","modified_gmt":"2024-10-31T15:52:54","slug":"la-red-de-infancia-robada-continua-sus-movilizaciones-pidiendo-la-aparicion-de-loan","status":"publish","type":"post","link":"https:\/\/corrientesdetarde.com\/index.php\/interior\/la-red-de-infancia-robada-continua-sus-movilizaciones-pidiendo-la-aparicion-de-loan\/","title":{"rendered":"La Red de Infancia Robada continua sus movilizaciones pidiendo la aparici\u00f3n de Loan"},"content":{"rendered":"\n<p>La entidad que conduce la hermana Martha Pelloni, junto a otras organizaciones, contin\u00faan semanalmente su presencia en plaza Mitre de Goya, movilizaci\u00f3n que mantienen solicitando la aparici\u00f3n del ni\u00f1o Loan Pe\u00f1a (5), desaparecido el 13 de junio de 2024 de la localidad de 9 de Julio. El \u00faltimo martes 29 por la tarde los integrantes de la Red de Infancia Robada nuevamente se volvieron a concentrar con la consigna \u201cJusticia por Loan\u201d. <\/p>\n","protected":false},"excerpt":{"rendered":"<p>La entidad que conduce la hermana Martha Pelloni, junto a otras organizaciones, contin\u00faan semanalmente su presencia en plaza Mitre de Goya, movilizaci\u00f3n que mantienen solicitando la aparici\u00f3n del ni\u00f1o Loan&hellip; <\/p>\n","protected":false},"author":8,"featured_media":169592,"comment_status":"closed","ping_status":"open","sticky":false,"template":"","format":"standard","meta":{"footnotes":""},"categories":[1658],"tags":[],"class_list":["post-169591","post","type-post","status-publish","format-standard","has-post-thumbnail","hentry","category-interior"],"_links":{"self":[{"href":"https:\/\/corrientesdetarde.com\/index.php\/wp-json\/wp\/v2\/posts\/169591","targetHints":{"allow":["GET"]}}],"collection":[{"href":"https:\/\/corrientesdetarde.com\/index.php\/wp-json\/wp\/v2\/posts"}],"about":[{"href":"https:\/\/corrientesdetarde.com\/index.php\/wp-json\/wp\/v2\/types\/post"}],"author":[{"embeddable":true,"href":"https:\/\/corrientesdetarde.com\/index.php\/wp-json\/wp\/v2\/users\/8"}],"replies":[{"embeddable":true,"href":"https:\/\/corrientesdetarde.com\/index.php\/wp-json\/wp\/v2\/comments?post=169591"}],"version-history":[{"count":1,"href":"https:\/\/corrientesdetarde.com\/index.php\/wp-json\/wp\/v2\/posts\/169591\/revisions"}],"predecessor-version":[{"id":169593,"href":"https:\/\/corrientesdetarde.com\/index.php\/wp-json\/wp\/v2\/posts\/169591\/revisions\/169593"}],"wp:featuredmedia":[{"embeddable":true,"href":"https:\/\/corrientesdetarde.com\/index.php\/wp-json\/wp\/v2\/media\/169592"}],"wp:attachment":[{"href":"https:\/\/corrientesdetarde.com\/index.php\/wp-json\/wp\/v2\/media?parent=169591"}],"wp:term":[{"taxonomy":"category","embeddable":true,"href":"https:\/\/corrientesdetarde.com\/index.php\/wp-json\/wp\/v2\/categories?post=169591"},{"taxonomy":"post_tag","embeddable":true,"href":"https:\/\/corrientesdetarde.com\/index.php\/wp-json\/wp\/v2\/tags?post=169591"}],"curies":[{"name":"wp","href":"https:\/\/api.w.org\/{rel}","templated":true}]}}