{"id":169598,"date":"2024-10-31T13:03:03","date_gmt":"2024-10-31T16:03:03","guid":{"rendered":"https:\/\/corrientesdetarde.com\/?p=169598"},"modified":"2024-10-31T13:03:08","modified_gmt":"2024-10-31T16:03:08","slug":"presentaron-la-4ta-edicion-del-festival-del-asado-criollo-y-concurso-de-asadores","status":"publish","type":"post","link":"https:\/\/corrientesdetarde.com\/index.php\/eventos\/presentaron-la-4ta-edicion-del-festival-del-asado-criollo-y-concurso-de-asadores\/","title":{"rendered":"Presentaron la 4ta edici\u00f3n del Festival del asado criollo y concurso de asadores"},"content":{"rendered":"\n<p>El Festival del asado criollo y concurso de asadores llega a su cuarta edici\u00f3n este 8 y 9 de noviembre, en el predio ferial de Costa Surub\u00ed de la ciudad de Goya. En la ocasi\u00f3n, habr\u00e1 competencia gastron\u00f3mica de este corte c\u00e1rnico en sus distintas variedades y estilos, adem\u00e1s de espect\u00e1culos musicales con destacados artistas de la regi\u00f3n.<\/p>\n\n\n\n<p>Este jueves&nbsp;en Casa Iber\u00e1&nbsp;tuvo lugar el lanzamiento que cont\u00f3 con la presencia del subsecretario de Promoci\u00f3n e Inversiones Tur\u00edsticas, Augusto Costaguta, el organizador de este evento, Gustavo Montepeloso y el \u00faltimo ganador del concurso gastron\u00f3mico, Gustavo El\u00edas.<\/p>\n\n\n\n<p>En este marco, Costaguta se refiri\u00f3 a este evento del asado criollo como una buena iniciativa que genera movimiento en Goya y la regi\u00f3n, ya que hasta el momento hay m\u00e1s de 35 equipos que van a estar participando. Se estima unos 3 mil kilos de carne en ambas jornadas a disposici\u00f3n del p\u00fablico que podr\u00e1 asistir, degustar y adquirir un exquisito asado y disfrutar de espect\u00e1culos musicales. &nbsp;<\/p>\n\n\n\n<p>El costo de la entrada general es de $3.000&nbsp;y en grilla de artistas se destacan Juancito Guenaga, \u00c1ngel Piciochi, Los Criollos de la Valle, Ricardito Silva y Los Forasteros, adem\u00e1s de la orquesta y ballets municipales. Mientras que en la jornada de cierre se har\u00e1 la entrega de premios.<\/p>\n\n\n\n<p>\u201cEste evento se cataloga dentro de lo que es Sabores con Pay\u00e9 en nuestra provincia, que es lo que tambi\u00e9n destaca mucho al turismo y a la cultura de Corrientes\u201d, afirm\u00f3 el funcionario.<\/p>\n\n\n\n<p>Por su parte, Montepeloso se\u00f1al\u00f3: &#8220;Estamos transitando las \u00faltimas horas, los \u00faltimos d\u00edas para vivir esta cuarta edici\u00f3n. Es un festival que viene creciendo de a poco. Hoy por hoy podemos decir que vamos a contar con la presencia de participantes de fuera de la provincia. Vienen equipos de Misiones, Formosa, Rosario y Paran\u00e1&#8221;.<\/p>\n\n\n\n<p>Este evento que cuenta con el acompa\u00f1amiento del Municipio de Goya y el Ministerio de Turismo, viene ganando adeptos y pretende instalarse definitivamente en el calendario tur\u00edstico de Corrientes.<\/p>\n\n\n\n<p>\u201cEsto surgi\u00f3 en plena pandemia, vimos la necesidad de tener un festival del asado y un festival con un concurso que es \u00fanico en la provincia, y le fuimos dando forma con las autoridades locales en ese momento porque ten\u00edamos que convivir con las reglas del COVID, y lo podemos sostener en el tiempo, con el&nbsp;apoyo de la Municipalidad de Goya a trav\u00e9s de la Direcci\u00f3n de Turismo\u201d, sostuvo Montepeloso.<\/p>\n\n\n\n<p><\/p>\n\n\n\n<p><\/p>\n\n\n\n<p><\/p>\n\n\n\n<p><\/p>\n","protected":false},"excerpt":{"rendered":"<p>El Festival del asado criollo y concurso de asadores llega a su cuarta edici\u00f3n este 8 y 9 de noviembre, en el predio ferial de Costa Surub\u00ed de la ciudad&hellip; <\/p>\n","protected":false},"author":8,"featured_media":169599,"comment_status":"closed","ping_status":"open","sticky":false,"template":"","format":"standard","meta":{"footnotes":""},"categories":[22],"tags":[],"class_list":["post-169598","post","type-post","status-publish","format-standard","has-post-thumbnail","hentry","category-eventos"],"_links":{"self":[{"href":"https:\/\/corrientesdetarde.com\/index.php\/wp-json\/wp\/v2\/posts\/169598","targetHints":{"allow":["GET"]}}],"collection":[{"href":"https:\/\/corrientesdetarde.com\/index.php\/wp-json\/wp\/v2\/posts"}],"about":[{"href":"https:\/\/corrientesdetarde.com\/index.php\/wp-json\/wp\/v2\/types\/post"}],"author":[{"embeddable":true,"href":"https:\/\/corrientesdetarde.com\/index.php\/wp-json\/wp\/v2\/users\/8"}],"replies":[{"embeddable":true,"href":"https:\/\/corrientesdetarde.com\/index.php\/wp-json\/wp\/v2\/comments?post=169598"}],"version-history":[{"count":1,"href":"https:\/\/corrientesdetarde.com\/index.php\/wp-json\/wp\/v2\/posts\/169598\/revisions"}],"predecessor-version":[{"id":169603,"href":"https:\/\/corrientesdetarde.com\/index.php\/wp-json\/wp\/v2\/posts\/169598\/revisions\/169603"}],"wp:featuredmedia":[{"embeddable":true,"href":"https:\/\/corrientesdetarde.com\/index.php\/wp-json\/wp\/v2\/media\/169599"}],"wp:attachment":[{"href":"https:\/\/corrientesdetarde.com\/index.php\/wp-json\/wp\/v2\/media?parent=169598"}],"wp:term":[{"taxonomy":"category","embeddable":true,"href":"https:\/\/corrientesdetarde.com\/index.php\/wp-json\/wp\/v2\/categories?post=169598"},{"taxonomy":"post_tag","embeddable":true,"href":"https:\/\/corrientesdetarde.com\/index.php\/wp-json\/wp\/v2\/tags?post=169598"}],"curies":[{"name":"wp","href":"https:\/\/api.w.org\/{rel}","templated":true}]}}