{"id":169608,"date":"2024-10-31T13:23:42","date_gmt":"2024-10-31T16:23:42","guid":{"rendered":"https:\/\/corrientesdetarde.com\/?p=169608"},"modified":"2024-10-31T13:26:38","modified_gmt":"2024-10-31T16:26:38","slug":"el-gobierno-anuncio-que-ya-tiene-primeras-tres-propuestas-del-rigi-por-us1500-millones-cuales-son","status":"publish","type":"post","link":"https:\/\/corrientesdetarde.com\/index.php\/economia\/el-gobierno-anuncio-que-ya-tiene-primeras-tres-propuestas-del-rigi-por-us1500-millones-cuales-son\/","title":{"rendered":"El Gobierno anunci\u00f3 que ya tiene primeras tres propuestas del RIGI por US$1500 millones: cu\u00e1les son"},"content":{"rendered":"\n<p>El ministro de Econom\u00eda, Luis Caputo, fue el encargado de comunicar el inicio de los primeros tr\u00e1mites para aprobar inversiones por m\u00e1s de US$200 millones. Son en las provincias de Mendoza, Catamarca y Salta.<\/p>\n\n\n\n<p>El ministro de Econom\u00eda,\u00a0<strong>Luis \u201cToto\u201d Caputo<\/strong>, anunci\u00f3 que el Gobierno recibi\u00f3 los\u00a0<strong>primeros tres proyectos<\/strong>\u00a0para adherir al R\u00e9gimen de Incentivo a las Grandes Inversiones (<strong>RIGI<\/strong>), por un total de\u00a0<strong>US$1500 millones<\/strong>.<\/p>\n\n\n\n<p>La recepci\u00f3n de los primeros pedidos de inversiones se da tras la\u00a0reglamentaci\u00f3n de la puesta en marcha del RIGI, que oficializ\u00f3 el Ejecutivo la semana pasada. Asi las empresas puedan empezar a postular sus proyectos de inversi\u00f3n a trav\u00e9s de la plataforma de\u00a0<strong>Tr\u00e1mites a Distancia<\/strong>\u00a0(TAD).<\/p>\n\n\n\n<p>Al reglamentar y habilitar el r\u00e9gimen quedaron establecidas las\u00a0<strong>condiciones, plazos y requisitos<\/strong>\u00a0que deben cumplir las empresas para obtener la\u00a0<strong>certificaci\u00f3n oficial<\/strong>\u00a0y encuadrar en los\u00a0<strong>beneficios arancelarios, fiscales y cambiarios\u00a0<\/strong>que contempla el programa.<\/p>\n\n\n\n<p>En ese marco, el titular del Palacio de Hacienda comunic\u00f3 mediante su cuenta de&nbsp;<strong>X<\/strong>&nbsp;que&nbsp;<strong>\u201centraron los 3 primeros proyectos al RIGI para su aprobaci\u00f3n, por un total de 1500 millones de d\u00f3lares\u201d<\/strong>. No dio detalles sobre cu\u00e1les eran.<\/p>\n\n\n\n<figure class=\"wp-block-image\"><img decoding=\"async\" src=\"https:\/\/tn.com.ar\/resizer\/v2\/el-anuncio-de-luis-caputo-en-su-cuenta-de-x-foto-captura-x-QGZVCRSEOFA3FP4HWNVAJCPMHA.jpg?auth=f5acec051b176f722e506fc17c540802fca0c6553e0fd15f3e9b245600f094a1&amp;width=767\" alt=\"El anuncio de Luis Caputo en su cuenta de X. Foto: captura X\"\/><\/figure>\n\n\n\n<p>El plazo para la aprobaci\u00f3n de cada proyecto se estableci\u00f3 en<strong>&nbsp;45 d\u00edas<\/strong>, desde su postulaci\u00f3n en TAD, por lo que&nbsp;<strong>reci\u00e9n para fin de a\u00f1o podr\u00eda quedar validada la inversi\u00f3n<\/strong>. El proceso de evaluaci\u00f3n estar\u00e1 a cargo del Ministerio de Econom\u00eda.<\/p>\n\n\n\n<p>En primera instancia, los proyectos ser\u00e1n analizados t\u00e9cnicamente por la\u00a0<strong>Subsecretar\u00eda de Pol\u00edtica Industrial<\/strong>\u00a0y posteriormente pasar\u00e1n a ser considerado por una\u00a0<strong>comisi\u00f3n evaluadora<\/strong>\u00a0integrada por la Jefatura de Gabinete de Ministros y en la que intervienen, en el \u00e1mbito de Econom\u00eda, la Secretar\u00eda de Coordinaci\u00f3n de Energ\u00eda y Miner\u00eda, la Secretar\u00eda de Coordinaci\u00f3n de Producci\u00f3n, la Secretar\u00eda de Hacienda y la Secretar\u00eda de Finanzas.<\/p>\n\n\n\n<p>En \u00faltima instancia, la comisi\u00f3n expedir\u00e1 una recomendaci\u00f3n que servir\u00e1 para que la cartera encabezada por Caputo realice el&nbsp;<strong>dictamen definitivo<\/strong>&nbsp;sobre la viabilidad de cada iniciativa.<\/p>\n\n\n\n<h2 class=\"wp-block-heading\">Cu\u00e1les son los proyectos que recibi\u00f3 el Gobierno y evaluar\u00e1 si entran al RIGI<\/h2>\n\n\n\n<p>El ministro de Econom\u00eda, Luis Caputo, no dio detalles sobre los tres primeros proyectos presentados para adherir al RIGI. Sin embargo, en los \u00faltimos d\u00edas distintas empresas anticiparon que buscar\u00edan ingresar al r\u00e9gimen de incentivo.<\/p>\n\n\n\n<p>As\u00ed, como el\u00a0<strong>primer proyecto de inversi\u00f3n superior a US$200 millones<\/strong>, el monto m\u00ednimo para poder aplicar al r\u00e9gimen, es el de un\u00a0<strong>parque solar fotovoltaico a cargo de YPF<\/strong>\u00a0en conjunto con la Empresa Mendocina de Energ\u00eda (<strong>Emesa<\/strong>) en El Quemado, Las Heras. La\u00a0<strong>puesta en marcha<\/strong>\u00a0de la primera etapa se prev\u00e9 para el<strong>\u00a0primer trimestre de 2026<\/strong>, con un plazo de construcci\u00f3n de 18 meses.<\/p>\n\n\n\n<p>El&nbsp;<strong>segundo proyecto&nbsp;<\/strong>se ubica en&nbsp;<strong>Catamarca<\/strong>&nbsp;y est\u00e1 ligado al&nbsp;<strong>litio<\/strong>: Hombre Muerto Oeste (HMW) de&nbsp;<em>Gal\u00e1n Lithium<\/em>&nbsp;confirm\u00f3 una inversi\u00f3n de&nbsp;<strong>US$ 200 millones.&nbsp;<\/strong>Consiste en una&nbsp;<strong>ampliaci\u00f3n de instalaciones<\/strong>, contrataci\u00f3n de personal y licitaci\u00f3n de los principales contratos de servicios. Est\u00e1 a cargo de una empresa&nbsp;<strong>australiana<\/strong>.<\/p>\n\n\n\n<p>La&nbsp;<strong>tercera iniciativa<\/strong>&nbsp;tambi\u00e9n es de&nbsp;<strong>litio&nbsp;<\/strong>y est\u00e1 ubicado en&nbsp;<strong>Salta<\/strong>. Si se tienen cuenta los n\u00fameros anunciados por Caputo, esta inversi\u00f3n implicar\u00eda un desembolso de&nbsp;<strong>m\u00e1s de US$1000 millones<\/strong>; aunque todav\u00eda no trascendieron los detalles.<\/p>\n\n\n\n<p>La trastienda del voto a favor de Cuba que deriv\u00f3 en la salida de Mondino<\/p>\n\n\n\n<h2 class=\"wp-block-heading\">Desde Canciller\u00eda aseguran que la Casa Rosada sab\u00eda de la posici\u00f3n que tomar\u00eda la Argentina. Los funcionarios que participaron de la decisi\u00f3n y la intervenci\u00f3n creciente en el Ministerio.<\/h2>\n\n\n\n<p><a href=\"https:\/\/tn.com.ar\/autor\/gbanez\/\"><\/a><\/p>\n\n\n\n<figure class=\"wp-block-image size-full\"><img loading=\"lazy\" decoding=\"async\" width=\"767\" height=\"431\" src=\"https:\/\/corrientesdetarde.com\/wp-content\/uploads\/2024\/10\/image-263.png\" alt=\"\" class=\"wp-image-169613\" srcset=\"https:\/\/corrientesdetarde.com\/wp-content\/uploads\/2024\/10\/image-263.png 767w, https:\/\/corrientesdetarde.com\/wp-content\/uploads\/2024\/10\/image-263-300x169.png 300w\" sizes=\"auto, (max-width: 767px) 100vw, 767px\" \/><\/figure>\n\n\n\n<p>La votaci\u00f3n de la Argentina a favor de la resoluci\u00f3n de las Naciones Unidas (ONU) que\u00a0pide el fin del bloqueo econ\u00f3mico de Estados Unidos contra Cuba\u00a0termin\u00f3 siendo la gota que rebals\u00f3 el vaso para que\u00a0<strong>Javier Milei<\/strong>\u00a0echara a\u00a0<strong>Diana Mondino<\/strong>, tras una larga lista de decisiones pol\u00edticas que la Casa Rosada fue tomando en los \u00faltimos meses para desgastar la figura de la ahora excanciller, tanto dentro del Ministerio como hacia afuera.<\/p>\n\n\n\n<p>Puertas adentro del Palacio San Mart\u00edn y tal como pudo averiguar\u00a0de distintas fuentes oficiales del Gobierno, ahora tambi\u00e9n se plantea el interrogante de c\u00f3mo se gest\u00f3 la votaci\u00f3n argentina que termin\u00f3 con el puesto de Mondino y qui\u00e9nes intervinieron para que<strong>\u00a0Ricardo Lagorio<\/strong>, todav\u00eda representante ante la ONU, terminara presionando el bot\u00f3n verde.<\/p>\n\n\n\n<p>Las votaciones en los \u00e1mbitos multilaterales se concretan tras&nbsp;<strong>una serie de deliberaciones, consultas y, sobre todas las cosas, instrucciones&nbsp;<\/strong>que los representantes argentinos en el exterior reciben de la Canciller\u00eda. Los embajadores y funcionarios tienen la oportunidad de dejar sentada su posici\u00f3n \u2013a favor o en contra- de la instrucci\u00f3n, pero&nbsp;<strong>deben respetar la orden que se les emite a trav\u00e9s del cable diplom\u00e1tico<\/strong>.<\/p>\n\n\n\n<p>Exactamente esto fue lo que sucedi\u00f3 con la votaci\u00f3n de Cuba. Por eso, empiezan a emerger las sospechas de traiciones y complicidades detr\u00e1s de la decisi\u00f3n de emitirle la orden a Ricardo Lagorio en Nueva York. \u201c<strong>La Casa Rosada sab\u00eda de esta decisi\u00f3n, siempre se consulta en casos sensibles<\/strong>\u00a0y esta vez no fue la excepci\u00f3n\u201d, aseguraron <strong>\u00a0<\/strong>distintas fuentes.<\/p>\n\n\n\n<p>Los ojos apuntan a&nbsp;<strong>Nahuel Sotelo<\/strong>, secretario de Culto y Civilizaci\u00f3n, que es el hombre de&nbsp;<strong>Santiago Caputo<\/strong>&nbsp;dentro de Canciller\u00eda. Sotelo lleg\u00f3 hace poco menos de dos meses al Ministerio con un fuerte poder de incidencia en las posiciones de la Argentina en materia de g\u00e9nero, derechos humanos, cambio clim\u00e1tico y otros temas, de los cuales muchos se discuten en \u00e1mbitos multilaterales como la ONU.<\/p>\n\n\n\n<p>Otros van m\u00e1s lejos y aseguran que Mondino, a trav\u00e9s de los funcionarios que la acompa\u00f1an en el gabinete como el nuevo vicecanciller Eduardo Bustamante, extendieron las consultas m\u00e1s all\u00e1 de Sotelo y Caputo. Karina Milei viene, desde hace algunas semanas, intentando ganar m\u00e1s peso dentro de las decisiones de la pol\u00edtica exterior argentina. Alguien tiene que haber dado el OK para que esa instrucci\u00f3n salga de la forma que sali\u00f3 hacia Nueva York.<\/p>\n\n\n\n<p>Dentro del Ministerio de Relaciones Exteriores tambi\u00e9n&nbsp;<strong>reconocen que a Mondino le puede haber faltado visi\u00f3n pol\u00edtica<\/strong>&nbsp;y pec\u00f3, tal vez, de un exceso de ingenuidad en medio de un ring de batalla entre los principales asesores de Milei que vienen trabajando para acaparar cada vez m\u00e1s \u00e1reas de la Canciller\u00eda.<\/p>\n\n\n\n<p>La decisi\u00f3n del Presidente gener\u00f3 sorpresa. Nadie lo esperaba al inicio de esta semana. Hubo, en distintos momentos durante los \u00faltimos meses, rumores de que Mondino iba a dar un paso al costado.&nbsp;<strong>Su di\u00e1logo con Milei era casi nulo<\/strong>&nbsp;y por eso hab\u00edan decidido intervenirle el ministerio, primero con la abogada Ursula Basset y luego con Sotelo.<\/p>\n\n\n\n<p>La llegada de&nbsp;<strong>Gerardo Werthein<\/strong>, de fluido di\u00e1logo con Milei, busca zanjar esta crisis comunicacional entre la Canciller\u00eda y Casa Rosada. El hasta ahora embajador argentino en Washington ya actuaba como un embajador en las sombras, acompa\u00f1ando al Presidente en los viajes m\u00e1s importantes y participando en reuniones con empresarios y pol\u00edticos organizadas por \u00e9l mismo.<\/p>\n\n\n\n<p>Se esperan cambios en la Canciller\u00eda en las pr\u00f3ximas horas y una renovada presi\u00f3n de la Casa Rosada contra los diplom\u00e1ticos, de quienes Milei desconf\u00eda por no defender \u201clas ideas de la libertad\u201d, tal como \u00e9l mismo expres\u00f3 en una carta enviada a todos el Servicio Exterior de la Naci\u00f3n hace dos semanas. Fue la misma comunicaci\u00f3n en donde asegur\u00f3 que sino \u201ctienen que dar un paso al costado\u201d.<\/p>\n\n\n\n<p><\/p>\n","protected":false},"excerpt":{"rendered":"<p>El ministro de Econom\u00eda, Luis Caputo, fue el encargado de comunicar el inicio de los primeros tr\u00e1mites para aprobar inversiones por m\u00e1s de US$200 millones. Son en las provincias de&hellip; <\/p>\n","protected":false},"author":8,"featured_media":169610,"comment_status":"closed","ping_status":"open","sticky":false,"template":"","format":"standard","meta":{"footnotes":""},"categories":[20],"tags":[],"class_list":["post-169608","post","type-post","status-publish","format-standard","has-post-thumbnail","hentry","category-economia"],"_links":{"self":[{"href":"https:\/\/corrientesdetarde.com\/index.php\/wp-json\/wp\/v2\/posts\/169608","targetHints":{"allow":["GET"]}}],"collection":[{"href":"https:\/\/corrientesdetarde.com\/index.php\/wp-json\/wp\/v2\/posts"}],"about":[{"href":"https:\/\/corrientesdetarde.com\/index.php\/wp-json\/wp\/v2\/types\/post"}],"author":[{"embeddable":true,"href":"https:\/\/corrientesdetarde.com\/index.php\/wp-json\/wp\/v2\/users\/8"}],"replies":[{"embeddable":true,"href":"https:\/\/corrientesdetarde.com\/index.php\/wp-json\/wp\/v2\/comments?post=169608"}],"version-history":[{"count":2,"href":"https:\/\/corrientesdetarde.com\/index.php\/wp-json\/wp\/v2\/posts\/169608\/revisions"}],"predecessor-version":[{"id":169614,"href":"https:\/\/corrientesdetarde.com\/index.php\/wp-json\/wp\/v2\/posts\/169608\/revisions\/169614"}],"wp:featuredmedia":[{"embeddable":true,"href":"https:\/\/corrientesdetarde.com\/index.php\/wp-json\/wp\/v2\/media\/169610"}],"wp:attachment":[{"href":"https:\/\/corrientesdetarde.com\/index.php\/wp-json\/wp\/v2\/media?parent=169608"}],"wp:term":[{"taxonomy":"category","embeddable":true,"href":"https:\/\/corrientesdetarde.com\/index.php\/wp-json\/wp\/v2\/categories?post=169608"},{"taxonomy":"post_tag","embeddable":true,"href":"https:\/\/corrientesdetarde.com\/index.php\/wp-json\/wp\/v2\/tags?post=169608"}],"curies":[{"name":"wp","href":"https:\/\/api.w.org\/{rel}","templated":true}]}}