{"id":169679,"date":"2024-10-31T19:58:28","date_gmt":"2024-10-31T22:58:28","guid":{"rendered":"https:\/\/corrientesdetarde.com\/?p=169679"},"modified":"2024-10-31T21:29:59","modified_gmt":"2024-11-01T00:29:59","slug":"corrientes-sera-sede-de-la-38a-fiesta-provincial-del-teatro","status":"publish","type":"post","link":"https:\/\/corrientesdetarde.com\/index.php\/cultura\/corrientes-sera-sede-de-la-38a-fiesta-provincial-del-teatro\/","title":{"rendered":"Corrientes ser\u00e1 sede de la 38\u00aa Fiesta Provincial del Teatro"},"content":{"rendered":"\n<p>En el Patio de la Cultura Marit\u00e9 Salas, del Instituto de Cultura de Corrientes, se realiz\u00f3 hoy al mediod\u00eda la presentaci\u00f3n oficial de la 38\u00aa Fiesta Provincial del Teatro, a desarrollarse del 7 al 9 de noviembre, en distintas salas independientes de la ciudad de Corrientes.<\/p>\n\n\n\n<p>La presidente del Instituto de Cultura de la Provincia, Beatriz Kunin, el intendente de la ciudad de Corrientes, Eduardo Tassano, y el representante del Instituto Nacional del Teatro (INT), Jorge Frette, fueron los encargados de brindar detalles de este evento y se firm\u00f3 adem\u00e1s un convenio de cooperaci\u00f3n para trabajar en conjunto en futuras actividades y proyectos.<\/p>\n\n\n\n<p><strong>Colaborar<\/strong><\/p>\n\n\n\n<p>\u201cEs un honor y orgullo poder colaborar en una actividad tan importante\u201d, destac\u00f3 la titular del Instituto de Cultura, y se\u00f1al\u00f3 que se trabaja durante todo el a\u00f1o con actividades vinculadas al teatro, apuntando a incorporar nuevos p\u00fablicos, como es el caso de los ni\u00f1os, j\u00f3venes y las escuelas.<\/p>\n\n\n\n<p>Confirm\u00f3 adem\u00e1s que la firma del convenio de cooperaci\u00f3n \u201cnos va a permitir trabajar juntos\u201d, y en este mismo sentido, aclar\u00f3: \u201ccomo ya lo venimos haciendo\u201d. Y agradeci\u00f3 especialmente al intendente Eduardo Tassano, por el \u201cenorme apoyo\u201d de la Municipalidad a esta Fiesta, \u201cestamos para eso, para brindarnos a las diferentes ramas del arte\u201d, agreg\u00f3.<\/p>\n\n\n\n<p><strong>Ciudad cultural<\/strong><\/p>\n\n\n\n<p>El intendente Eduardo Tassano, por su parte, expres\u00f3: \u201cNos interesa la cultura, nos interesa el teatro y estamos felices de que la Fiesta Provincial vuelva a la capital de todos los correntinos\u201d.<\/p>\n\n\n\n<p>Asegur\u00f3 que se trabajar\u00e1 intensamente para el \u00e9xito de este evento. \u201cNos comprometemos a poner todo lo que de nosotros dependa para jerarquizar este encuentro, que para la ciudad es muy importante\u201d, manifest\u00f3.<\/p>\n\n\n\n<p>Al final, enfatiz\u00f3: \u201cCorrientes es una ciudad cultural, que tiene much\u00edsimos actores culturales de todas las ramas y especialidades\u201d y, al respecto, sostuvo que \u201chemos tratado de poner nuestro granito de arena en diferentes desarrollos\u201d.<\/p>\n\n\n\n<p><strong>Regreso a la Capital<\/strong><\/p>\n\n\n\n<p>El representante del Instituto Nacional del Teatro, Jorge Frette, remarc\u00f3 que la Fiesta Provincial de Teatro vuelve a realizarse en la ciudad de Corrientes despu\u00e9s de 7 a\u00f1os. \u201cEs muy importante volver a estar ac\u00e1 y compartir nuevamente con estos anfitriones, con gestores de lujo que desde un principio nos acompa\u00f1aron\u201d, asegur\u00f3.<\/p>\n\n\n\n<p>Precis\u00f3 que participar\u00e1n doce producciones. En esta oportunidad, de Paso de los Libres, Curuz\u00fa Cuati\u00e1, Goya y de la capital. Est\u00e1n programadas adem\u00e1s otras actividades de capacitaci\u00f3n e intercambio, incluyendo un seminario, el intercambio sobre las obras que se presentan, espacios de devoluci\u00f3n de becas otorgadas por el INT, presentaci\u00f3n de libro, propuestas de ampliaci\u00f3n de p\u00fablicos, entre otros.<\/p>\n\n\n\n<p>Las salas participantes de la Fiesta son Espacio Mari\u00f1o, Teatro de la Ciudad, Teatro Flotante, Sala Sken\u00e9 (Soc. Libanesa de Corrientes), y la Casa del Bicentenario. Las entradas son populares buscando que el p\u00fablico acompa\u00f1e el circuito teatral propuesto en cada jornada, adem\u00e1s se suman para las actividades paralelas la Sala Bambalinas Teatro y el Sal\u00f3n Azul del Centro Cultural Universitario.&nbsp;<\/p>\n\n\n\n<p><strong>PROGRAMACI\u00d3N SELECTIVO PROVINCIAL<\/strong><\/p>\n\n\n\n<p>Organiza el Instituto Nacional del Teatro en cogesti\u00f3n con Instituto de Cultura de Corrientes &#8211; Municipalidad de la Ciudad de Corrientes, con el apoyo de la Vicegobernaci\u00f3n de Corrientes y Secretar\u00eda de Extensi\u00f3n Universitaria UNNE.<\/p>\n\n\n\n<p><strong>JUEVES 7 DE NOVIEMBRE<\/strong><\/p>\n\n\n\n<p>Lugar: Casa del Bicentenario (Caracas 3.400)<\/p>\n\n\n\n<p>Hora: 18:00<\/p>\n\n\n\n<p><strong>ACTO APERTURA<\/strong><\/p>\n\n\n\n<p>Obra: Elencos Estables Municipales<\/p>\n\n\n\n<p>Lugar: Teatro Flotante (La Rioja y Costanera)<\/p>\n\n\n\n<p>Hora: 19:30<\/p>\n\n\n\n<p>Obra: El Acompa\u00f1amiento<\/p>\n\n\n\n<p>Autor: Carlos Gorostiza&nbsp;&nbsp;<\/p>\n\n\n\n<p>Direcci\u00f3n: Luis Eugenio Alarc\u00f3n-Rub\u00e9n Arnaldo Galeano&nbsp;&nbsp;&nbsp;&nbsp;&nbsp;<\/p>\n\n\n\n<p>Grupo: Elenco Concertado<\/p>\n\n\n\n<p>Procedencia: Corrientes<\/p>\n\n\n\n<p>Duraci\u00f3n: 60\u2019<\/p>\n\n\n\n<p>G\u00e9nero: Drama&nbsp;&nbsp;<\/p>\n\n\n\n<p>P\u00fablico: P\u00fablico Adulto<\/p>\n\n\n\n<p>Lugar: Teatro de la Ciudad (Pasaje Villanueva 1470)<\/p>\n\n\n\n<p>HORA: 21:00<\/p>\n\n\n\n<p>Obra: A Dios<\/p>\n\n\n\n<p>Autor\u00eda: Carolina Gularte<\/p>\n\n\n\n<p>Direcci\u00f3n: Laura Qui\u00f1ones<\/p>\n\n\n\n<p>Grupo: Elenco Concertado<\/p>\n\n\n\n<p>Procedencia: Corrientes<\/p>\n\n\n\n<p>Duraci\u00f3n: 35\u2019<\/p>\n\n\n\n<p>G\u00e9nero: Drama<\/p>\n\n\n\n<p>P\u00fablico a la que va dirigida: Personas adultas<\/p>\n\n\n\n<p>Lugar: Espacio Mari\u00f1o (Santa Fe 847)<\/p>\n\n\n\n<p>HORA: 22:00<\/p>\n\n\n\n<p>Obra: Variaciones Meyerhold<\/p>\n\n\n\n<p>Autor\u00eda: Mart\u00edn Eduardo Pavlovsky<\/p>\n\n\n\n<p>Direcci\u00f3n: Sergio Niz<\/p>\n\n\n\n<p>Grupo: Teatro del Guar\u00e1n<\/p>\n\n\n\n<p>Procedencia: Corrientes<\/p>\n\n\n\n<p>Duraci\u00f3n: 50\u2019<\/p>\n\n\n\n<p>G\u00e9nero: Dram\u00e1tico<\/p>\n\n\n\n<p>P\u00fablico a la que va dirigida: Personas adultas<\/p>\n\n\n\n<p><strong>VIERNES 8 DE NOVIEMBRE<\/strong><\/p>\n\n\n\n<p>Lugar: Teatro de la Ciudad (Pasaje Villanueva 1470)<\/p>\n\n\n\n<p>Hora: 15:30<\/p>\n\n\n\n<p>Obra: Banda Lunar \u00bfContinuar\u00e1?<\/p>\n\n\n\n<p>Autor\u00eda: Flavia Melisa Guardiola<\/p>\n\n\n\n<p>Direcci\u00f3n: Flavia Melisa Guardiola<\/p>\n\n\n\n<p>Grupo: Banda Lunar<\/p>\n\n\n\n<p>Procedencia: Paso de los Libres<\/p>\n\n\n\n<p>Duraci\u00f3n: 40\u2019<\/p>\n\n\n\n<p>G\u00e9nero: Teatro Musical<\/p>\n\n\n\n<p>P\u00fablico a la que va dirigida: Toda la familia<\/p>\n\n\n\n<p>funci\u00f3n con medidas de accesibilidad coordinadas por Coop. Marabunta Cultura Accesible.<\/p>\n\n\n\n<p>Lugar: Casa del Bicentenario (Caracas 3.400)<\/p>\n\n\n\n<p>Hora: 17:00<\/p>\n\n\n\n<p>Obra: La escoba<\/p>\n\n\n\n<p>Autor\u00eda: Mauro Santamar\u00eda<\/p>\n\n\n\n<p>Direcci\u00f3n: Jonathan Oviedo<\/p>\n\n\n\n<p>Grupo: Los de Fierro<\/p>\n\n\n\n<p>Procedencia: Goya<\/p>\n\n\n\n<p>Duraci\u00f3n: 50\u2019<\/p>\n\n\n\n<p>G\u00e9nero: drama<\/p>\n\n\n\n<p>P\u00fablico a la que va dirigida: Toda la familia<\/p>\n\n\n\n<p>Lugar: Teatro Flotante (La Rioja y Costanera)<\/p>\n\n\n\n<p>HORA: 19:00<\/p>\n\n\n\n<p>Obra: La Polaquita, guaynita rubia tatar\u00e9<\/p>\n\n\n\n<p>Autor\u00eda: Mar\u00eda Esther Aguirre<\/p>\n\n\n\n<p>Direcci\u00f3n: Mar\u00eda Esther Aguirre<\/p>\n\n\n\n<p>Grupo: Teatro del Guar\u00e1n<\/p>\n\n\n\n<p>Procedencia: Corrientes<\/p>\n\n\n\n<p>Duraci\u00f3n: 55\u2019<\/p>\n\n\n\n<p>G\u00e9nero: Teatro cuento unipersonal<\/p>\n\n\n\n<p>P\u00fablico a la que va dirigida: Toda la familia<\/p>\n\n\n\n<p>Sala: Sala Sken\u00e9 &#8211; Soc. Libanesa de Corrientes (San Lorenzo 1341)<\/p>\n\n\n\n<p>Hora: 20:30<\/p>\n\n\n\n<p>Obra: Guiso de plumas<\/p>\n\n\n\n<p>Autor:&nbsp; Ana Mar\u00eda Bovo&nbsp;<\/p>\n\n\n\n<p>Direcci\u00f3n: Juan Javier Camino&nbsp;&nbsp;&nbsp;&nbsp;&nbsp;<\/p>\n\n\n\n<p>Grupo: Nereidas&nbsp;<\/p>\n\n\n\n<p>Procedencia: Corrientes<\/p>\n\n\n\n<p>Duraci\u00f3n: 45\u2019<\/p>\n\n\n\n<p>G\u00e9nero: Comedia<\/p>\n\n\n\n<p>P\u00fablico:&nbsp; APTP<\/p>\n\n\n\n<p>Lugar: Espacio Mari\u00f1o (Santa Fe 847)<\/p>\n\n\n\n<p>HORA: 22:30<\/p>\n\n\n\n<p>Obra: Los perros<\/p>\n\n\n\n<p>Autor\u00eda: Carlos Guillermo Schwaderer Senguer<\/p>\n\n\n\n<p>Direcci\u00f3n: \u00c1ngel Quintela<\/p>\n\n\n\n<p>Grupo: Teatro del Guar\u00e1n<\/p>\n\n\n\n<p>Procedencia: Corrientes<\/p>\n\n\n\n<p>Duraci\u00f3n: 45\u2019<\/p>\n\n\n\n<p>G\u00e9nero: Drama<\/p>\n\n\n\n<p>P\u00fablico a la que va dirigida: Personas adultas<\/p>\n\n\n\n<p><strong>S\u00c1BADO 9 DE NOVIEMBRE<\/strong><\/p>\n\n\n\n<p>Lugar: Teatro Flotante (La Rioja y Costanera)<\/p>\n\n\n\n<p>Hora: 18:00<\/p>\n\n\n\n<p>Obra: Chamaclown en Vuelo<\/p>\n\n\n\n<p>Autor\u00eda: Lupe Salazar \u2013 Edu Morales<\/p>\n\n\n\n<p>Direcci\u00f3n: Edu Morales<\/p>\n\n\n\n<p>Grupo: Los Cuentas Clown<\/p>\n\n\n\n<p>Procedencia: Corrientes<\/p>\n\n\n\n<p>Duraci\u00f3n: 50\u2019<\/p>\n\n\n\n<p>G\u00e9nero: Clown<\/p>\n\n\n\n<p>P\u00fablico a la que va dirigida: Toda la familia<\/p>\n\n\n\n<p>Lugar: Teatro de la Ciudad (Pasaje Villanueva 1470)<\/p>\n\n\n\n<p>HORA: 19:30<\/p>\n\n\n\n<p>Obra: Galer\u00eda de Nada<\/p>\n\n\n\n<p>Autor\u00eda: An\u00edbal Friedrich<\/p>\n\n\n\n<p>Direcci\u00f3n: Facundo Sagardoy<\/p>\n\n\n\n<p>Grupo: La L\u00ednea<\/p>\n\n\n\n<p>Procedencia: Corrientes<\/p>\n\n\n\n<p>Duraci\u00f3n: 40\u2019<\/p>\n\n\n\n<p>G\u00e9nero: Drama-Comedia<\/p>\n\n\n\n<p>P\u00fablico a la que va dirigida: Toda la familia<\/p>\n\n\n\n<p>funci\u00f3n con medidas de accesibilidad coordinadas por Coop. Marabunta Cultura Accesible.<\/p>\n\n\n\n<p>Lugar: Espacio Mari\u00f1o (Santa Fe 847)<\/p>\n\n\n\n<p>HORA: 20:30<\/p>\n\n\n\n<p>Obra: Rotos de Amor<\/p>\n\n\n\n<p>Autor\u00eda:Rafael Bruza<\/p>\n\n\n\n<p>Direcci\u00f3n: Mercedes Jacobo<\/p>\n\n\n\n<p>Grupo: Grupo Curuz\u00fa<\/p>\n\n\n\n<p>Procedencia: Curuz\u00fa Cuat\u00eda<\/p>\n\n\n\n<p>Duraci\u00f3n: 75\u2019<\/p>\n\n\n\n<p>G\u00e9nero: Comedia dram\u00e1tica<\/p>\n\n\n\n<p>P\u00fablico a la que va dirigida: Personas adultas<\/p>\n\n\n\n<p>Sala: Sala Sken\u00e9 &#8211; Soc. Libanesa de Corrientes (San Lorenzo 1341)<\/p>\n\n\n\n<p>Hora: 22:00<\/p>\n\n\n\n<p>Obra: Etiop\u00eda<\/p>\n\n\n\n<p>Autor: Mariana Mazover&nbsp;&nbsp;<\/p>\n\n\n\n<p>Direcci\u00f3n: Lucas Manuel Garc\u00eda&nbsp;&nbsp;&nbsp;&nbsp;&nbsp;&nbsp;<\/p>\n\n\n\n<p>Grupo: Grupo Borde &amp; Vagamundos<\/p>\n\n\n\n<p>Procedencia: Corrientes<\/p>\n\n\n\n<p>Duraci\u00f3n: 60\u2019<\/p>\n\n\n\n<p>G\u00e9nero: Drama&nbsp;&nbsp;<\/p>\n\n\n\n<p>P\u00fablico: APTP &#8211; A partir de 10 a\u00f1os<\/p>\n\n\n\n<p>Sala: Sala Sken\u00e9 &#8211; Soc. Libanesa de Corrientes (San Lorenzo 1341)<\/p>\n\n\n\n<p>Hora: 23:30 &#8211; Propuesta: ImProvincial<\/p>\n\n\n\n<p>\u201cImproyere\u201d y \u201cChe impro\u201d proponen un espect\u00e1culo que consistir\u00e1 en 3 ejercicios de improvisaci\u00f3n que tendr\u00e1n como eje tem\u00e1tico las obras presentadas durante el Selectivo Provincial.<\/p>\n\n\n\n<p>Buscan homenajear a los elencos y artistas de nuestra provincia y compartir un momento de convivio y diversi\u00f3n entre todos.<\/p>\n\n\n\n<p>Profesora de Improyere: Lourdes Alegre Borsini<\/p>\n\n\n\n<p>Profesor de Che impro: Ezequiel Maidana<\/p>\n\n\n\n<p><strong>Cierre de la Fiesta \u2013 Veredicto del jurado<\/strong><\/p>\n\n\n\n<p><strong>JURADOS<\/strong><\/p>\n\n\n\n<p>Alejandro Barboza (Corrientes)<\/p>\n\n\n\n<p>Luisella Manzone (Chaco)<\/p>\n\n\n\n<p>Luciano Delprato (C\u00f3rdoba)<\/p>\n\n\n\n<p><strong>ACTIVIDADES COMPLEMENTARIAS<\/strong><\/p>\n\n\n\n<p><strong>ESPACIO DE DEVOLUCI\u00d3N<\/strong><\/p>\n\n\n\n<p>Viernes 8 de noviembre<\/p>\n\n\n\n<p>Horario: 10 a 12:30<\/p>\n\n\n\n<p>Lugar: Sal\u00f3n Azul CCU (Primer piso C\u00f3rdoba 794)<\/p>\n\n\n\n<p>Responsable: Mauro Santamar\u00eda<\/p>\n\n\n\n<p><strong>ESPACIO DE DEVOLUCI\u00d3N<\/strong><\/p>\n\n\n\n<p>S\u00e1bado 9 de noviembre<\/p>\n\n\n\n<p>Horario: 10 a 12:30<\/p>\n\n\n\n<p>Lugar: Teatro de la Ciudad (Pasaje Villanueva 1470)<\/p>\n\n\n\n<p>Responsable: Mauro Santamar\u00eda<\/p>\n\n\n\n<p><strong>CONTRAPRESTACI\u00d3N DE BECAS Y PROYECTOS DE INVESTIGACI\u00d3N<\/strong><\/p>\n\n\n\n<p>Beca Investigaci\u00f3n &#8220;Universo Sonoro Teatral Correntino&#8221;: Camila Ben\u00edtez<\/p>\n\n\n\n<p>Viernes 8 de noviembre<\/p>\n\n\n\n<p>Horario: 11 a 12<\/p>\n\n\n\n<p>Lugar: Bambalinas Teatro (Mendoza 1162)<\/p>\n\n\n\n<p>A trav\u00e9s de esta beca de investigaci\u00f3n se busc\u00f3 ahondar en un tema poco estudiado en la provincia, el dise\u00f1o sonoro. Para esto se puso en marcha un modelo de dise\u00f1o sonoro a partir de las necesidades est\u00e9ticas de un espect\u00e1culo teatral para luego metodizar en forma escrita los pasos realizados.<\/p>\n\n\n\n<p>Beca &#8221;Taller de Gesti\u00f3n y Producci\u00f3n Teatral\u201d: Eduardo Morales \u2013 Lupe Salazar \u2013 Diego Serrano \u2013 Roc\u00edo Guras &#8211; Sibila Casafus<\/p>\n\n\n\n<p>S\u00e1bado 9 de noviembre<\/p>\n\n\n\n<p>Horario de 10 a 12<\/p>\n\n\n\n<p>Lugar: Teatro Flotante (La Rioja y Costanera)<\/p>\n\n\n\n<p>En el encuentro, cada becaria\/o, contara su experiencia al momento de armar el proyecto:<\/p>\n\n\n\n<p>&#8211;&nbsp;&nbsp;&nbsp;&nbsp;&nbsp;&nbsp;&nbsp;&nbsp;&nbsp;&nbsp; Los inconvenientes que fueron sucediendo<\/p>\n\n\n\n<p>&#8211;&nbsp;&nbsp;&nbsp;&nbsp;&nbsp;&nbsp;&nbsp;&nbsp;&nbsp;&nbsp; Las correcciones que debieron hacerse<\/p>\n\n\n\n<p>&#8211;&nbsp;&nbsp;&nbsp;&nbsp;&nbsp;&nbsp;&nbsp;&nbsp;&nbsp;&nbsp; La bibliograf\u00eda con la que se trabaj\u00f3, puesta a disposici\u00f3n por la docente<\/p>\n\n\n\n<p>&#8211;&nbsp;&nbsp;&nbsp;&nbsp;&nbsp;&nbsp;&nbsp;&nbsp;&nbsp;&nbsp; Detalles para tener en cuenta<\/p>\n\n\n\n<p>&#8211;&nbsp;&nbsp;&nbsp;&nbsp;&nbsp;&nbsp;&nbsp;&nbsp;&nbsp;&nbsp; Revisiones que hacer antes de enviar un proyecto<\/p>\n","protected":false},"excerpt":{"rendered":"<p>En el Patio de la Cultura Marit\u00e9 Salas, del Instituto de Cultura de Corrientes, se realiz\u00f3 hoy al mediod\u00eda la presentaci\u00f3n oficial de la 38\u00aa Fiesta Provincial del Teatro, a&hellip; <\/p>\n","protected":false},"author":4,"featured_media":169684,"comment_status":"closed","ping_status":"open","sticky":false,"template":"","format":"standard","meta":{"footnotes":""},"categories":[15],"tags":[],"class_list":["post-169679","post","type-post","status-publish","format-standard","has-post-thumbnail","hentry","category-cultura"],"_links":{"self":[{"href":"https:\/\/corrientesdetarde.com\/index.php\/wp-json\/wp\/v2\/posts\/169679","targetHints":{"allow":["GET"]}}],"collection":[{"href":"https:\/\/corrientesdetarde.com\/index.php\/wp-json\/wp\/v2\/posts"}],"about":[{"href":"https:\/\/corrientesdetarde.com\/index.php\/wp-json\/wp\/v2\/types\/post"}],"author":[{"embeddable":true,"href":"https:\/\/corrientesdetarde.com\/index.php\/wp-json\/wp\/v2\/users\/4"}],"replies":[{"embeddable":true,"href":"https:\/\/corrientesdetarde.com\/index.php\/wp-json\/wp\/v2\/comments?post=169679"}],"version-history":[{"count":2,"href":"https:\/\/corrientesdetarde.com\/index.php\/wp-json\/wp\/v2\/posts\/169679\/revisions"}],"predecessor-version":[{"id":169686,"href":"https:\/\/corrientesdetarde.com\/index.php\/wp-json\/wp\/v2\/posts\/169679\/revisions\/169686"}],"wp:featuredmedia":[{"embeddable":true,"href":"https:\/\/corrientesdetarde.com\/index.php\/wp-json\/wp\/v2\/media\/169684"}],"wp:attachment":[{"href":"https:\/\/corrientesdetarde.com\/index.php\/wp-json\/wp\/v2\/media?parent=169679"}],"wp:term":[{"taxonomy":"category","embeddable":true,"href":"https:\/\/corrientesdetarde.com\/index.php\/wp-json\/wp\/v2\/categories?post=169679"},{"taxonomy":"post_tag","embeddable":true,"href":"https:\/\/corrientesdetarde.com\/index.php\/wp-json\/wp\/v2\/tags?post=169679"}],"curies":[{"name":"wp","href":"https:\/\/api.w.org\/{rel}","templated":true}]}}