{"id":169681,"date":"2024-10-31T21:34:15","date_gmt":"2024-11-01T00:34:15","guid":{"rendered":"https:\/\/corrientesdetarde.com\/?p=169681"},"modified":"2024-10-31T21:34:19","modified_gmt":"2024-11-01T00:34:19","slug":"el-gobernador-del-chaco-visito-al-papa-francisco-y-mantuvo-un-encuentro-privado","status":"publish","type":"post","link":"https:\/\/corrientesdetarde.com\/index.php\/politica\/el-gobernador-del-chaco-visito-al-papa-francisco-y-mantuvo-un-encuentro-privado\/","title":{"rendered":"El gobernador del Chaco visit\u00f3 al papa Francisco y mantuvo un encuentro privado"},"content":{"rendered":"\n<p>De esta manera, el mandatario radical se suma a la extensa lista de dirigentes pol\u00edticos recibidos por el sumo pont\u00edfice en 2024.<\/p>\n\n\n\n<p>El gobernador del Chaco, Leandro Zdero, fue recibido hoy por el Papa Francisco en el Vaticano y mantuvo un encuentro privado con el sumo pont\u00edfice al que calific\u00f3 &#8220;ameno, franco y cordial&#8221;.&nbsp;<\/p>\n\n\n\n<p>&#8220;Tuvimos un encuentro privado con el Papa Francisco, una charla amena en la que abordamos temas de la actualidad pol\u00edtica y el presente del Chaco, como tambi\u00e9n historias de vida, consejos y an\u00e9cdotas que generaron un di\u00e1logo franco y cordial&#8221;, public\u00f3 Zdero en su cuenta de X.&nbsp;<\/p>\n\n\n\n<p>Seg\u00fan relat\u00f3 el mandatario de la Uni\u00f3n C\u00edvica Radical, en el breve texto que fue acompa\u00f1ado por tres im\u00e1genes, Francisco le expres\u00f3 &#8220;su conocimiento sobre la provincia y su afecto&#8221; y envi\u00f3 su &#8220;bendici\u00f3n hacia los chaque\u00f1os para seguir forjando una provincia que salga adelante&#8221;.&nbsp;<\/p>\n\n\n\n<p>&#8220;Su mensaje de amor, paz y unidad nos inspira a continuar construyendo un futuro mejor. \u00a1Que sus bendiciones renueven nuestra fe y unidad!&#8221;, finaliz\u00f3 el l\u00edder provincial en su posteo. De esta manera, Zdero se suma a la extensa lista de dirigentes pol\u00edticos recibidos por el Papa en 2024.&nbsp;<\/p>\n","protected":false},"excerpt":{"rendered":"<p>De esta manera, el mandatario radical se suma a la extensa lista de dirigentes pol\u00edticos recibidos por el sumo pont\u00edfice en 2024. El gobernador del Chaco, Leandro Zdero, fue recibido&hellip; <\/p>\n","protected":false},"author":4,"featured_media":169714,"comment_status":"closed","ping_status":"open","sticky":false,"template":"","format":"standard","meta":{"footnotes":""},"categories":[3],"tags":[],"class_list":["post-169681","post","type-post","status-publish","format-standard","has-post-thumbnail","hentry","category-politica"],"_links":{"self":[{"href":"https:\/\/corrientesdetarde.com\/index.php\/wp-json\/wp\/v2\/posts\/169681","targetHints":{"allow":["GET"]}}],"collection":[{"href":"https:\/\/corrientesdetarde.com\/index.php\/wp-json\/wp\/v2\/posts"}],"about":[{"href":"https:\/\/corrientesdetarde.com\/index.php\/wp-json\/wp\/v2\/types\/post"}],"author":[{"embeddable":true,"href":"https:\/\/corrientesdetarde.com\/index.php\/wp-json\/wp\/v2\/users\/4"}],"replies":[{"embeddable":true,"href":"https:\/\/corrientesdetarde.com\/index.php\/wp-json\/wp\/v2\/comments?post=169681"}],"version-history":[{"count":1,"href":"https:\/\/corrientesdetarde.com\/index.php\/wp-json\/wp\/v2\/posts\/169681\/revisions"}],"predecessor-version":[{"id":169715,"href":"https:\/\/corrientesdetarde.com\/index.php\/wp-json\/wp\/v2\/posts\/169681\/revisions\/169715"}],"wp:featuredmedia":[{"embeddable":true,"href":"https:\/\/corrientesdetarde.com\/index.php\/wp-json\/wp\/v2\/media\/169714"}],"wp:attachment":[{"href":"https:\/\/corrientesdetarde.com\/index.php\/wp-json\/wp\/v2\/media?parent=169681"}],"wp:term":[{"taxonomy":"category","embeddable":true,"href":"https:\/\/corrientesdetarde.com\/index.php\/wp-json\/wp\/v2\/categories?post=169681"},{"taxonomy":"post_tag","embeddable":true,"href":"https:\/\/corrientesdetarde.com\/index.php\/wp-json\/wp\/v2\/tags?post=169681"}],"curies":[{"name":"wp","href":"https:\/\/api.w.org\/{rel}","templated":true}]}}