{"id":169682,"date":"2024-10-31T20:50:49","date_gmt":"2024-10-31T23:50:49","guid":{"rendered":"https:\/\/corrientesdetarde.com\/?p=169682"},"modified":"2024-10-31T20:50:54","modified_gmt":"2024-10-31T23:50:54","slug":"manu-chao-llega-esta-noche-a-corrientes-con-su-gira-ultra-acustico","status":"publish","type":"post","link":"https:\/\/corrientesdetarde.com\/index.php\/actualidad\/manu-chao-llega-esta-noche-a-corrientes-con-su-gira-ultra-acustico\/","title":{"rendered":"Manu Chao llega esta noche a Corrientes con su gira \u201cUltra Ac\u00fastico\u201d"},"content":{"rendered":"\n<p>El cantante tocar\u00e1 por primera vez en su historia en la capital correntina hoy jueves 31 de octubre a las 21 horas en Concepto Yapir\u00e9 (Av. Ra\u00fal Alfons\u00edn 3710, Corrientes). Las puertas se abrir\u00e1n a las 19.30 horas y las \u00faltimas entradas se pueden adquirir online a trav\u00e9s de\u00a0ticketek.com.ar\u00a0y en los puntos de venta oficiales ubicados en Que sea Rock (Pellegrini y San Lorenzo, Corrientes) y en Opui (Mitre 225, Resistencia).<\/p>\n\n\n\n<p>Manu Chao tuvo la primera parada de su mini gira \u201cUltra Ac\u00fastico\u201d por Argentina el 28 de octubre en Gualeguaych\u00fa (Entre R\u00edos). El artista, que tocaba por primera vez en tierras entrerrianas, agot\u00f3 entradas y brind\u00f3 un show \u00edntimo y potente de m\u00e1s de dos horas en donde sonaron canciones de su \u00faltimo disco \u201cViva t\u00fa\u201d y sus infaltables cl\u00e1sicos. El recital tuvo lugar tambi\u00e9n para la intervenci\u00f3n de m\u00fasicos locales y la presencia de organizaciones sociales y ambientales de la ciudad demostrando el compromiso social del cantante en cada comunidad que visita.<\/p>\n\n\n\n<p>El cantante viene de lanzar en septiembre \u201cViva tu\u201d, el primer disco de estudio que public\u00f3 en 17 a\u00f1os. Esta obra de 13 canciones re\u00fane diferentes ritmos latinoamericanos con letras que hablan de la libertad, la esperanza y reivindica a los barrios del mundo.<\/p>\n\n\n\n<p>\u201cTemas nuevos y de siempre! No solo en China hay futuro! Mundos al rev\u00e9s, ekivokadas vidas. vecinas del patio y malegr\u00edas. despedidas clandestinas. calles y m\u00e1s calles. No estamos solos. Viva tu!\u201d. escribe el ex Mano Negra sobre su gira por el Litoral argentino.<\/p>\n\n\n\n<p>El hist\u00f3rico recital en Corrientes ser\u00e1 hoy jueves 31\u00a0de octubre en Concepto Yapir\u00e9 ubicado en Av. Ra\u00fal Alfons\u00edn 3710. Las puertas se abrir\u00e1n a las 19.30 horas y las \u00faltimas entradas se pueden adquirir online a trav\u00e9s de\u00a0ticketek.com.ar\u00a0y en los puntos de venta oficiales ubicados en Que sea Rock (Pellegrini y San Lorenzo, Corrientes) y en Opui (Mitre 225, Resistencia).<\/p>\n\n\n\n<p>+info:<\/p>\n\n\n\n<p>@ap.producciones<\/p>\n\n\n\n<p>Entradas online:<\/p>\n\n\n\n<p><a href=\"https:\/\/www.ticketek.com.ar\/manu-chao\/concepto-yapire\">https:\/\/www.ticketek.com.ar\/manu-chao\/concepto-yapire<\/a><\/p>\n\n\n\n<p><\/p>\n","protected":false},"excerpt":{"rendered":"<p>El cantante tocar\u00e1 por primera vez en su historia en la capital correntina hoy jueves 31 de octubre a las 21 horas en Concepto Yapir\u00e9 (Av. Ra\u00fal Alfons\u00edn 3710, Corrientes).&hellip; <\/p>\n","protected":false},"author":4,"featured_media":169699,"comment_status":"closed","ping_status":"open","sticky":false,"template":"","format":"standard","meta":{"footnotes":""},"categories":[23],"tags":[],"class_list":["post-169682","post","type-post","status-publish","format-standard","has-post-thumbnail","hentry","category-actualidad"],"_links":{"self":[{"href":"https:\/\/corrientesdetarde.com\/index.php\/wp-json\/wp\/v2\/posts\/169682","targetHints":{"allow":["GET"]}}],"collection":[{"href":"https:\/\/corrientesdetarde.com\/index.php\/wp-json\/wp\/v2\/posts"}],"about":[{"href":"https:\/\/corrientesdetarde.com\/index.php\/wp-json\/wp\/v2\/types\/post"}],"author":[{"embeddable":true,"href":"https:\/\/corrientesdetarde.com\/index.php\/wp-json\/wp\/v2\/users\/4"}],"replies":[{"embeddable":true,"href":"https:\/\/corrientesdetarde.com\/index.php\/wp-json\/wp\/v2\/comments?post=169682"}],"version-history":[{"count":1,"href":"https:\/\/corrientesdetarde.com\/index.php\/wp-json\/wp\/v2\/posts\/169682\/revisions"}],"predecessor-version":[{"id":169700,"href":"https:\/\/corrientesdetarde.com\/index.php\/wp-json\/wp\/v2\/posts\/169682\/revisions\/169700"}],"wp:featuredmedia":[{"embeddable":true,"href":"https:\/\/corrientesdetarde.com\/index.php\/wp-json\/wp\/v2\/media\/169699"}],"wp:attachment":[{"href":"https:\/\/corrientesdetarde.com\/index.php\/wp-json\/wp\/v2\/media?parent=169682"}],"wp:term":[{"taxonomy":"category","embeddable":true,"href":"https:\/\/corrientesdetarde.com\/index.php\/wp-json\/wp\/v2\/categories?post=169682"},{"taxonomy":"post_tag","embeddable":true,"href":"https:\/\/corrientesdetarde.com\/index.php\/wp-json\/wp\/v2\/tags?post=169682"}],"curies":[{"name":"wp","href":"https:\/\/api.w.org\/{rel}","templated":true}]}}