{"id":169683,"date":"2024-10-31T20:37:56","date_gmt":"2024-10-31T23:37:56","guid":{"rendered":"https:\/\/corrientesdetarde.com\/?p=169683"},"modified":"2024-10-31T20:38:07","modified_gmt":"2024-10-31T23:38:07","slug":"se-proyectara-la-pelicula-invictus-en-el-museo-de-bellas-artes","status":"publish","type":"post","link":"https:\/\/corrientesdetarde.com\/index.php\/cultura\/se-proyectara-la-pelicula-invictus-en-el-museo-de-bellas-artes\/","title":{"rendered":"Se proyectar\u00e1 la pel\u00edcula \u201cInvictus\u201d en el Museo de Bellas Artes"},"content":{"rendered":"\n<p>El Instituto de Cultura de la Provincia y el Museo Pcial. de Bellas Artes Dr. Juan R. Vidal invitan a una actividad, en el marco del ciclo \u201ccine en el Bellas Artes\u201d. Este viernes 1 de noviembre, a las 20, se proyectar\u00e1 la pel\u00edcula \u201cInvictus\u201d, una producci\u00f3n norteamericana del 2009 del director Clint Eastwood. Como siempre, e, acceso es libre y gratuito.<\/p>\n\n\n\n<p><strong>Sobre la pel\u00edcula<\/strong><\/p>\n\n\n\n<p>Poco despu\u00e9s de su elecci\u00f3n como presidente y decretar la abolici\u00f3n del Apartheid, Nelson Mandela (Morgan Freeman) a\u00fan tiene un largo camino por delante antes de lograr unir por completo a la naci\u00f3n, que sigue sufriendo las consecuencias del separatismo racial.<\/p>\n\n\n\n<p>Con la esperanza de limar esas diferencias hasta hacerlas desaparecer, Mandela recurre a los Springbocks, el equipo de rugby de Sud\u00e1frica que ni siquiera cuenta con el apoyo de sus propios conciudadanos. La minor\u00eda negra los identifica con el Apartheid y su historia deportiva est\u00e1 repleta de fracasos, pero a pesar de todo est\u00e1n decididos a participar en el Mundial de 1995 y devolver la uni\u00f3n y la esperanza a su pa\u00eds.<\/p>\n\n\n\n<p>Dirigida por Clint Eastwood y basada en la obra El Factor Humano. Nelson Mandela y el partido que salv\u00f3 a una naci\u00f3n, de John Carlin. Cuenta en su reparto con Morgan Freeman y Matt Damon, entre otros.<\/p>\n","protected":false},"excerpt":{"rendered":"<p>El Instituto de Cultura de la Provincia y el Museo Pcial. de Bellas Artes Dr. Juan R. Vidal invitan a una actividad, en el marco del ciclo \u201ccine en el&hellip; <\/p>\n","protected":false},"author":4,"featured_media":169687,"comment_status":"closed","ping_status":"open","sticky":false,"template":"","format":"standard","meta":{"footnotes":""},"categories":[15],"tags":[],"class_list":["post-169683","post","type-post","status-publish","format-standard","has-post-thumbnail","hentry","category-cultura"],"_links":{"self":[{"href":"https:\/\/corrientesdetarde.com\/index.php\/wp-json\/wp\/v2\/posts\/169683","targetHints":{"allow":["GET"]}}],"collection":[{"href":"https:\/\/corrientesdetarde.com\/index.php\/wp-json\/wp\/v2\/posts"}],"about":[{"href":"https:\/\/corrientesdetarde.com\/index.php\/wp-json\/wp\/v2\/types\/post"}],"author":[{"embeddable":true,"href":"https:\/\/corrientesdetarde.com\/index.php\/wp-json\/wp\/v2\/users\/4"}],"replies":[{"embeddable":true,"href":"https:\/\/corrientesdetarde.com\/index.php\/wp-json\/wp\/v2\/comments?post=169683"}],"version-history":[{"count":1,"href":"https:\/\/corrientesdetarde.com\/index.php\/wp-json\/wp\/v2\/posts\/169683\/revisions"}],"predecessor-version":[{"id":169688,"href":"https:\/\/corrientesdetarde.com\/index.php\/wp-json\/wp\/v2\/posts\/169683\/revisions\/169688"}],"wp:featuredmedia":[{"embeddable":true,"href":"https:\/\/corrientesdetarde.com\/index.php\/wp-json\/wp\/v2\/media\/169687"}],"wp:attachment":[{"href":"https:\/\/corrientesdetarde.com\/index.php\/wp-json\/wp\/v2\/media?parent=169683"}],"wp:term":[{"taxonomy":"category","embeddable":true,"href":"https:\/\/corrientesdetarde.com\/index.php\/wp-json\/wp\/v2\/categories?post=169683"},{"taxonomy":"post_tag","embeddable":true,"href":"https:\/\/corrientesdetarde.com\/index.php\/wp-json\/wp\/v2\/tags?post=169683"}],"curies":[{"name":"wp","href":"https:\/\/api.w.org\/{rel}","templated":true}]}}