{"id":169701,"date":"2024-10-31T20:55:33","date_gmt":"2024-10-31T23:55:33","guid":{"rendered":"https:\/\/corrientesdetarde.com\/?p=169701"},"modified":"2024-10-31T21:05:10","modified_gmt":"2024-11-01T00:05:10","slug":"nicky-jam-le-retiro-su-apoyo-a-trump-tras-la-polemica-con-puerto-rico","status":"publish","type":"post","link":"https:\/\/corrientesdetarde.com\/index.php\/internacionales\/nicky-jam-le-retiro-su-apoyo-a-trump-tras-la-polemica-con-puerto-rico\/","title":{"rendered":"Nicky Jam le retir\u00f3 su apoyo a Trump tras la pol\u00e9mica con Puerto Rico"},"content":{"rendered":"\n<p>El reguetonero hab\u00eda aparecido junto al republicano en un acto, pero ahora cancel\u00f3 su respaldo.<\/p>\n\n\n\n<p>El cantante de reguet\u00f3n<strong>&nbsp;Nicky Jam le retir\u00f3 su apoyo al candidato republicano Donald Trump&nbsp;<\/strong>luego de la pol\u00e9mica que se gener\u00f3 alrededor de Puerto Rico.<\/p>\n\n\n\n<p>D\u00edas atr\u00e1s, en un evento del Partido Republicano, el comediante&nbsp;<strong>Tony Hinchcliffe&nbsp;<\/strong>se burl\u00f3 de Puerto Rico y la llam\u00f3&nbsp;<strong>&#8220;isla de&nbsp;basura&#8221;.<\/strong><\/p>\n\n\n\n<p>Sus dichos, que no fueron rechazados por Trump ni por su&nbsp;compa\u00f1ero de f\u00f3rmula J.D Vance, generaron la r\u00e9plica del gobierno&nbsp;de la isla y de distintos referentes de ese pa\u00eds.<\/p>\n\n\n\n<p>Ahora fue el turno de Nicky Jam, que anunci\u00f3 que<strong>&nbsp;ya no respalda&nbsp;al ex presidente, luego de haber aparecido en un acto suyo semanas&nbsp;atr\u00e1s.<\/strong><\/p>\n\n\n\n<p><strong>&#8220;La raz\u00f3n por la cual yo apoy\u00e9 a Donald Trump era porque yo&nbsp;pens\u00e9 que era lo mejor para la econom\u00eda en los Estados Unidos,<\/strong>&nbsp;donde vivimos muchos latinos, me incluyo, muchos inmigrantes que&nbsp;est\u00e1n sufriendo por la econom\u00eda. \u00c9l, siendo negociante, pens\u00e9 que&nbsp;era el mejor movimiento&#8221;, expres\u00f3 en sus redes sociales.<\/p>\n\n\n\n<p>Y agreg\u00f3:<strong>&nbsp;&#8220;Nunca en mi vida pens\u00e9 que, un mes despu\u00e9s, iba a&nbsp;venir un comediante a criticar a mi pa\u00eds y hablar mal de mi pa\u00eds.&nbsp;Puerto Rico se respeta&#8221;.<\/strong><\/p>\n","protected":false},"excerpt":{"rendered":"<p>El reguetonero hab\u00eda aparecido junto al republicano en un acto, pero ahora cancel\u00f3 su respaldo. El cantante de reguet\u00f3n&nbsp;Nicky Jam le retir\u00f3 su apoyo al candidato republicano Donald Trump&nbsp;luego de&hellip; <\/p>\n","protected":false},"author":4,"featured_media":169702,"comment_status":"closed","ping_status":"open","sticky":false,"template":"","format":"standard","meta":{"footnotes":""},"categories":[11],"tags":[],"class_list":["post-169701","post","type-post","status-publish","format-standard","has-post-thumbnail","hentry","category-internacionales"],"_links":{"self":[{"href":"https:\/\/corrientesdetarde.com\/index.php\/wp-json\/wp\/v2\/posts\/169701","targetHints":{"allow":["GET"]}}],"collection":[{"href":"https:\/\/corrientesdetarde.com\/index.php\/wp-json\/wp\/v2\/posts"}],"about":[{"href":"https:\/\/corrientesdetarde.com\/index.php\/wp-json\/wp\/v2\/types\/post"}],"author":[{"embeddable":true,"href":"https:\/\/corrientesdetarde.com\/index.php\/wp-json\/wp\/v2\/users\/4"}],"replies":[{"embeddable":true,"href":"https:\/\/corrientesdetarde.com\/index.php\/wp-json\/wp\/v2\/comments?post=169701"}],"version-history":[{"count":1,"href":"https:\/\/corrientesdetarde.com\/index.php\/wp-json\/wp\/v2\/posts\/169701\/revisions"}],"predecessor-version":[{"id":169703,"href":"https:\/\/corrientesdetarde.com\/index.php\/wp-json\/wp\/v2\/posts\/169701\/revisions\/169703"}],"wp:featuredmedia":[{"embeddable":true,"href":"https:\/\/corrientesdetarde.com\/index.php\/wp-json\/wp\/v2\/media\/169702"}],"wp:attachment":[{"href":"https:\/\/corrientesdetarde.com\/index.php\/wp-json\/wp\/v2\/media?parent=169701"}],"wp:term":[{"taxonomy":"category","embeddable":true,"href":"https:\/\/corrientesdetarde.com\/index.php\/wp-json\/wp\/v2\/categories?post=169701"},{"taxonomy":"post_tag","embeddable":true,"href":"https:\/\/corrientesdetarde.com\/index.php\/wp-json\/wp\/v2\/tags?post=169701"}],"curies":[{"name":"wp","href":"https:\/\/api.w.org\/{rel}","templated":true}]}}