{"id":169705,"date":"2024-10-31T21:14:09","date_gmt":"2024-11-01T00:14:09","guid":{"rendered":"https:\/\/corrientesdetarde.com\/?p=169705"},"modified":"2024-10-31T21:14:21","modified_gmt":"2024-11-01T00:14:21","slug":"evo-morales-llamo-a-renuncias-masivas-en-el-gobierno-de-bolivia","status":"publish","type":"post","link":"https:\/\/corrientesdetarde.com\/index.php\/internacionales\/evo-morales-llamo-a-renuncias-masivas-en-el-gobierno-de-bolivia\/","title":{"rendered":"Evo Morales llam\u00f3 a renuncias masivas en el gobierno de Bolivia"},"content":{"rendered":"\n<p>El exmandatario pidi\u00f3 a sus funcionarios que no sean &#8220;c\u00f3mplices del peor gobierno de la historia&#8221; de su pa\u00eds.<\/p>\n\n\n\n<p>El expresidente de Bolivia y l\u00edder del ala &#8220;evista&#8221; del oficialista Movimiento Al Socialismo (MAS),&nbsp;<strong>Evo Morales,&nbsp;<\/strong>hizo un llamado este jueves a los altos funcionarios del Ejecutivo del presidente Luis Arce a<strong>&nbsp;renunciar a sus cargos<\/strong>&nbsp;para no ser c\u00f3mplice del &#8220;peor Gobierno de la historia&#8221; del pa\u00eds.<\/p>\n\n\n\n<p>La solicitud de Morales llega en el decimoctavo d\u00eda de&nbsp;<strong>bloqueos de carretera&nbsp;<\/strong>promovidos por su facci\u00f3n que afecta a los principales departamentos bolivianos, lo cual gener\u00f3 tensiones&nbsp;<br>dentro del partido gobernante y afect\u00f3 a la econom\u00eda de varios sectores del pa\u00eds.<\/p>\n\n\n\n<p><strong>&#8220;Hacemos un llamado a funcionarios jer\u00e1rquicos, directores, viceministros, ministros y embajadores, a que no sean c\u00f3mplices del peor Gobierno de la historia&#8221;, se pronunci\u00f3 el expresidente en sus redes sociales.<\/strong><\/p>\n\n\n\n<p><strong>Morales&nbsp;<\/strong>argument\u00f3 que la dimisi\u00f3n de ministros, viceministros y otros jerarcas ser\u00eda<strong>&nbsp;&#8220;una se\u00f1al clara en favor del pueblo&#8221;<\/strong>&nbsp;y del descontento que, a su criterio, existe en contra de la actual&nbsp;<br>administraci\u00f3n.<\/p>\n\n\n\n<p>La respuesta del Gobierno no se hizo esperar. El ministro de Obras P\u00fablicas, \u00c9dgar Monta\u00f1o, rechaz\u00f3 en conferencia de prensa rotundamente la petici\u00f3n de Morales.<\/p>\n\n\n\n<p>Por su parte, el viceministro de Autonom\u00edas, \u00c1lvaro Ruiz, rechaz\u00f3 la insinuaci\u00f3n de Morales y m\u00e1s bien le pidi\u00f3 a \u00e9l y a sus seguidores abandonar las posiciones radicales y eviten fomentar&nbsp;<br>enfrentamientos entre bolivianos.<\/p>\n\n\n\n<p>Seg\u00fan Ruiz, las acciones de los seguidores de Morales no s\u00f3lo afectan la econom\u00eda boliviana, sino que tambi\u00e9n son peligrosas para la paz social del pa\u00eds, particularmente en un contexto donde los costos de bienes y servicios se han elevado exponencialmente por la falta de suministro en varias regiones.<\/p>\n","protected":false},"excerpt":{"rendered":"<p>El exmandatario pidi\u00f3 a sus funcionarios que no sean &#8220;c\u00f3mplices del peor gobierno de la historia&#8221; de su pa\u00eds. El expresidente de Bolivia y l\u00edder del ala &#8220;evista&#8221; del oficialista&hellip; <\/p>\n","protected":false},"author":4,"featured_media":169706,"comment_status":"closed","ping_status":"open","sticky":false,"template":"","format":"standard","meta":{"footnotes":""},"categories":[11],"tags":[],"class_list":["post-169705","post","type-post","status-publish","format-standard","has-post-thumbnail","hentry","category-internacionales"],"_links":{"self":[{"href":"https:\/\/corrientesdetarde.com\/index.php\/wp-json\/wp\/v2\/posts\/169705","targetHints":{"allow":["GET"]}}],"collection":[{"href":"https:\/\/corrientesdetarde.com\/index.php\/wp-json\/wp\/v2\/posts"}],"about":[{"href":"https:\/\/corrientesdetarde.com\/index.php\/wp-json\/wp\/v2\/types\/post"}],"author":[{"embeddable":true,"href":"https:\/\/corrientesdetarde.com\/index.php\/wp-json\/wp\/v2\/users\/4"}],"replies":[{"embeddable":true,"href":"https:\/\/corrientesdetarde.com\/index.php\/wp-json\/wp\/v2\/comments?post=169705"}],"version-history":[{"count":1,"href":"https:\/\/corrientesdetarde.com\/index.php\/wp-json\/wp\/v2\/posts\/169705\/revisions"}],"predecessor-version":[{"id":169707,"href":"https:\/\/corrientesdetarde.com\/index.php\/wp-json\/wp\/v2\/posts\/169705\/revisions\/169707"}],"wp:featuredmedia":[{"embeddable":true,"href":"https:\/\/corrientesdetarde.com\/index.php\/wp-json\/wp\/v2\/media\/169706"}],"wp:attachment":[{"href":"https:\/\/corrientesdetarde.com\/index.php\/wp-json\/wp\/v2\/media?parent=169705"}],"wp:term":[{"taxonomy":"category","embeddable":true,"href":"https:\/\/corrientesdetarde.com\/index.php\/wp-json\/wp\/v2\/categories?post=169705"},{"taxonomy":"post_tag","embeddable":true,"href":"https:\/\/corrientesdetarde.com\/index.php\/wp-json\/wp\/v2\/tags?post=169705"}],"curies":[{"name":"wp","href":"https:\/\/api.w.org\/{rel}","templated":true}]}}