{"id":169711,"date":"2024-10-31T21:29:55","date_gmt":"2024-11-01T00:29:55","guid":{"rendered":"https:\/\/corrientesdetarde.com\/?p=169711"},"modified":"2024-10-31T21:29:56","modified_gmt":"2024-11-01T00:29:56","slug":"harris-y-trump-se-concentran-en-los-indecisos-y-latinos-en-el-tramo-final-de-la-campana","status":"publish","type":"post","link":"https:\/\/corrientesdetarde.com\/index.php\/internacionales\/harris-y-trump-se-concentran-en-los-indecisos-y-latinos-en-el-tramo-final-de-la-campana\/","title":{"rendered":"Harris y Trump se concentran en los indecisos y latinos en el tramo final de la campa\u00f1a"},"content":{"rendered":"\n<p>El republicano y la dem\u00f3crata estuvieron en Arizona y Nevada.<\/p>\n\n\n\n<p>Los candidatos presidenciales de los Estados Unidos, la dem\u00f3crata<strong>&nbsp;Kamala Harris&nbsp;<\/strong>y el republicano<strong>&nbsp;Donald Trump<\/strong>, concentran por estas horas sus esfuerzos finales de campa\u00f1a sobre los estados con mayor cantidad de&nbsp;<strong>indecisos y latinos.<\/strong><\/p>\n\n\n\n<p>A poco de la definici\u00f3n de los comicios prevista para el pr\u00f3ximo martes, Harris estuvo este jueves con actividades en los estados de<strong>&nbsp;Arizona y Nevada.<\/strong><\/p>\n\n\n\n<p>En tanto, el ex presidente tambi\u00e9n visit\u00f3 Arizona y Nevada, y sum\u00f3 A<strong>lbuquerque y Nuevo M\u00e9xico.<\/strong><\/p>\n\n\n\n<p>La vicepresidenta de los Estados Unidos apunt\u00f3 contra Trump y<strong>&nbsp;rechaz\u00f3 sus comentarios sobre las mujeres por considerarlos &#8220;ofensivos&#8221;.<\/strong><\/p>\n\n\n\n<p>El ex mandatario norteamericano&nbsp;<strong>hab\u00eda dicho que proteger\u00eda a las mujeres &#8220;les guste o no&#8221;.<\/strong><\/p>\n\n\n\n<p>Para Harris, esos dichos de Trump demuestran que no entiende la &#8220;a las mujeres, su autoridad, su derecho y su capacidad de tomar decisiones sobre sus propias vidas, incluidos sus propios&nbsp;cuerpos&#8221;.<\/p>\n\n\n\n<p><strong>&#8220;Creo que es ofensivo para todos, por cierto&#8221;,<\/strong>&nbsp;dijo la postulante dem\u00f3crata, que protagonizar\u00e1 un evento con la cantante latina&nbsp;<strong>Jennifer L\u00f3pez.<\/strong><\/p>\n\n\n\n<p>En tanto, Trump ten\u00eda previsto para esta jornada un evento en Glendale, Arizona, con el periodista conservador&nbsp;<strong>Tucker Carlson,<\/strong>&nbsp;quien meses atr\u00e1s entrevist\u00f3 al presidente argentino&nbsp;<strong>Javier Milei.<\/strong><\/p>\n\n\n\n<p>El republicano sali\u00f3 al cruce del actual presidente norteamericano&nbsp;<strong>Joe Biden,<\/strong>&nbsp;quien esta semana tild\u00f3 de &#8220;basura&#8221; a los seguidores del magnate.<\/p>\n\n\n\n<p><strong>&#8220;Tengo que empezar diciendo que 250 millones de estadounidenses no son basura&#8221;<\/strong>, resalt\u00f3 Trump, que incluso subi\u00f3 a un escenario con un chaleco reflectante naranja de recolector de residuos.<\/p>\n\n\n\n<p>Adem\u00e1s, en su paso por Albuquerque, el ex presidente se refiri\u00f3 a su intenci\u00f3n de acercarse a los latinos.<\/p>\n\n\n\n<p><strong>&#8220;Estoy aqu\u00ed por una simple raz\u00f3n: Me agradan mucho, y es bueno para mis credenciales con la comunidad latina o hispana&#8221;<\/strong>, enfatiz\u00f3 Trump.<\/p>\n","protected":false},"excerpt":{"rendered":"<p>El republicano y la dem\u00f3crata estuvieron en Arizona y Nevada. Los candidatos presidenciales de los Estados Unidos, la dem\u00f3crata&nbsp;Kamala Harris&nbsp;y el republicano&nbsp;Donald Trump, concentran por estas horas sus esfuerzos finales&hellip; <\/p>\n","protected":false},"author":4,"featured_media":169712,"comment_status":"closed","ping_status":"open","sticky":false,"template":"","format":"standard","meta":{"footnotes":""},"categories":[11],"tags":[],"class_list":["post-169711","post","type-post","status-publish","format-standard","has-post-thumbnail","hentry","category-internacionales"],"_links":{"self":[{"href":"https:\/\/corrientesdetarde.com\/index.php\/wp-json\/wp\/v2\/posts\/169711","targetHints":{"allow":["GET"]}}],"collection":[{"href":"https:\/\/corrientesdetarde.com\/index.php\/wp-json\/wp\/v2\/posts"}],"about":[{"href":"https:\/\/corrientesdetarde.com\/index.php\/wp-json\/wp\/v2\/types\/post"}],"author":[{"embeddable":true,"href":"https:\/\/corrientesdetarde.com\/index.php\/wp-json\/wp\/v2\/users\/4"}],"replies":[{"embeddable":true,"href":"https:\/\/corrientesdetarde.com\/index.php\/wp-json\/wp\/v2\/comments?post=169711"}],"version-history":[{"count":1,"href":"https:\/\/corrientesdetarde.com\/index.php\/wp-json\/wp\/v2\/posts\/169711\/revisions"}],"predecessor-version":[{"id":169713,"href":"https:\/\/corrientesdetarde.com\/index.php\/wp-json\/wp\/v2\/posts\/169711\/revisions\/169713"}],"wp:featuredmedia":[{"embeddable":true,"href":"https:\/\/corrientesdetarde.com\/index.php\/wp-json\/wp\/v2\/media\/169712"}],"wp:attachment":[{"href":"https:\/\/corrientesdetarde.com\/index.php\/wp-json\/wp\/v2\/media?parent=169711"}],"wp:term":[{"taxonomy":"category","embeddable":true,"href":"https:\/\/corrientesdetarde.com\/index.php\/wp-json\/wp\/v2\/categories?post=169711"},{"taxonomy":"post_tag","embeddable":true,"href":"https:\/\/corrientesdetarde.com\/index.php\/wp-json\/wp\/v2\/tags?post=169711"}],"curies":[{"name":"wp","href":"https:\/\/api.w.org\/{rel}","templated":true}]}}