{"id":169716,"date":"2024-10-31T21:50:45","date_gmt":"2024-11-01T00:50:45","guid":{"rendered":"https:\/\/corrientesdetarde.com\/?p=169716"},"modified":"2024-10-31T21:50:50","modified_gmt":"2024-11-01T00:50:50","slug":"el-gobierno-ofrece-a-espana-mandar-cascos-blancos-a-valencia-tras-las-tragicas-inundaciones","status":"publish","type":"post","link":"https:\/\/corrientesdetarde.com\/index.php\/politica\/el-gobierno-ofrece-a-espana-mandar-cascos-blancos-a-valencia-tras-las-tragicas-inundaciones\/","title":{"rendered":"El Gobierno ofrece a Espa\u00f1a mandar cascos blancos a Valencia tras las tr\u00e1gicas inundaciones"},"content":{"rendered":"\n<p>Adem\u00e1s, la Argentina manifest\u00f3 &#8220;su solidaridad con el pueblo espa\u00f1ol y con todos los damnificados por este tr\u00e1gico temporal&#8221;.<\/p>\n\n\n\n<p>El presidente Javier Milei dio instrucciones al embajador argentino en Espa\u00f1a, Roberto Bosch,&nbsp;para ofrecer al gobierno de ese pa\u00eds y al titular de la Comunidad Valenciana asistencia humanitaria argentina, debido a las inundaciones que golpean a esa regi\u00f3n y que produjeron m\u00e1s de un centenar de muertes.<\/p>\n\n\n\n<p>&#8220;Frente a la cr\u00edtica situaci\u00f3n causada por las lluvias torrenciales e inundaciones provocadas por el fen\u00f3meno de la DANA, el Gobierno argentino puso a disposici\u00f3n el env\u00edo de ayuda y&nbsp;asistencia t\u00e9cnica a trav\u00e9s de la Comisi\u00f3n de Cascos Blancos&#8221;, detall\u00f3 el vocero presidencial Manuel Adorni en su cuenta de la red social X.<\/p>\n\n\n\n<p>El funcionario agreg\u00f3 que la Argentina &#8220;manifiesta su solidaridad con el pueblo espa\u00f1ol y con todos los damnificados por este tr\u00e1gico temporal, uno de los m\u00e1s letales y da\u00f1inos en la&nbsp;historia de Espa\u00f1a&#8221;.<\/p>\n\n\n\n<p>El ofrecimiento de asistencia se da luego del pico de tensi\u00f3n diplom\u00e1tica que hubo entre la Argentina y Espa\u00f1a por las diferencias ideol\u00f3gicas entre los presidentes Javier Milei y Pedro&nbsp;S\u00e1nchez.<\/p>\n\n\n\n<p>Antes de tener que dejar su cargo, la entonces canciller Diana Mondino hab\u00eda puesto en marcha un proceso de acercamiento con Madrid para recomponer el v\u00ednculo y en ese marco, en los \u00faltimos d\u00edas se hab\u00eda conocido que el gobierno espa\u00f1ol decidi\u00f3 volver a tener un embajador en Buenos Aires, luego de haber retirado a su representante en el peor momento de la disputa entre los dos mandatarios.<\/p>\n\n\n\n<p>Tras cinco meses sin embajador en Argentina, Espa\u00f1a enviar\u00e1 a Joaqu\u00edn Mar\u00eda de Ar\u00edstegui para ocupar el cargo que estaba vacante.<\/p>\n\n\n\n<p>&#8220;El gobierno espa\u00f1ol se dio cuenta que hab\u00eda perdido la chaveta y bueno&#8230;ahora mandan embajador&#8221;, sostuvo este jueves un funcionario de la Casa Rosada en declaraciones a los periodistas acreditados que lo consultaron sobre el tema.<\/p>\n","protected":false},"excerpt":{"rendered":"<p>Adem\u00e1s, la Argentina manifest\u00f3 &#8220;su solidaridad con el pueblo espa\u00f1ol y con todos los damnificados por este tr\u00e1gico temporal&#8221;. El presidente Javier Milei dio instrucciones al embajador argentino en Espa\u00f1a,&hellip; <\/p>\n","protected":false},"author":4,"featured_media":169717,"comment_status":"closed","ping_status":"open","sticky":false,"template":"","format":"standard","meta":{"footnotes":""},"categories":[3],"tags":[],"class_list":["post-169716","post","type-post","status-publish","format-standard","has-post-thumbnail","hentry","category-politica"],"_links":{"self":[{"href":"https:\/\/corrientesdetarde.com\/index.php\/wp-json\/wp\/v2\/posts\/169716","targetHints":{"allow":["GET"]}}],"collection":[{"href":"https:\/\/corrientesdetarde.com\/index.php\/wp-json\/wp\/v2\/posts"}],"about":[{"href":"https:\/\/corrientesdetarde.com\/index.php\/wp-json\/wp\/v2\/types\/post"}],"author":[{"embeddable":true,"href":"https:\/\/corrientesdetarde.com\/index.php\/wp-json\/wp\/v2\/users\/4"}],"replies":[{"embeddable":true,"href":"https:\/\/corrientesdetarde.com\/index.php\/wp-json\/wp\/v2\/comments?post=169716"}],"version-history":[{"count":1,"href":"https:\/\/corrientesdetarde.com\/index.php\/wp-json\/wp\/v2\/posts\/169716\/revisions"}],"predecessor-version":[{"id":169718,"href":"https:\/\/corrientesdetarde.com\/index.php\/wp-json\/wp\/v2\/posts\/169716\/revisions\/169718"}],"wp:featuredmedia":[{"embeddable":true,"href":"https:\/\/corrientesdetarde.com\/index.php\/wp-json\/wp\/v2\/media\/169717"}],"wp:attachment":[{"href":"https:\/\/corrientesdetarde.com\/index.php\/wp-json\/wp\/v2\/media?parent=169716"}],"wp:term":[{"taxonomy":"category","embeddable":true,"href":"https:\/\/corrientesdetarde.com\/index.php\/wp-json\/wp\/v2\/categories?post=169716"},{"taxonomy":"post_tag","embeddable":true,"href":"https:\/\/corrientesdetarde.com\/index.php\/wp-json\/wp\/v2\/tags?post=169716"}],"curies":[{"name":"wp","href":"https:\/\/api.w.org\/{rel}","templated":true}]}}