{"id":169719,"date":"2024-10-31T21:52:13","date_gmt":"2024-11-01T00:52:13","guid":{"rendered":"https:\/\/corrientesdetarde.com\/?p=169719"},"modified":"2024-10-31T21:52:17","modified_gmt":"2024-11-01T00:52:17","slug":"argentina-firmo-memorando-de-entendimiento-con-mexico-por-cielos-abiertos","status":"publish","type":"post","link":"https:\/\/corrientesdetarde.com\/index.php\/politica\/argentina-firmo-memorando-de-entendimiento-con-mexico-por-cielos-abiertos\/","title":{"rendered":"Argentina firm\u00f3 memorando de entendimiento con M\u00e9xico por Cielos Abiertos"},"content":{"rendered":"\n<p>Es el noveno pa\u00eds en participar de esta medida.<\/p>\n\n\n\n<p>A partir de hoy, M\u00e9xico se suma a la pol\u00edtica de Cielos Abiertos impulsada por el Gobierno Nacional, mediante la firma de un Memorando de Entendimiento, convirti\u00e9ndose en el noveno pa\u00eds en participar de esta medida que promueve las herramientas necesarias para aumentar las frecuencias de vuelos entre ambos pa\u00edses, potenciar el turismo y atraer inversiones en el sector.<\/p>\n\n\n\n<p>Con la firma de este Memorando, se pasa de un sistema de frecuencias restringidas con un m\u00e1ximo de 14 vuelos semanales y 2 frecuencias en vuelos de carga exclusiva, a un sistema en que las l\u00edneas a\u00e9reas van a poder decidir la cantidad de frecuencias que deseen volar, de acuerdo a las condiciones del mercado y la \u00e9poca del a\u00f1o, potenciando la competitividad del sector.<\/p>\n\n\n\n<p>La pol\u00edtica de Cielos Abiertos, se suma a la desregulaci\u00f3n del sector a\u00e9reo, medidas impulsadas por la Secretar\u00eda de Transporte del Ministerio de Econom\u00eda y el Ministerio de Desregulaci\u00f3n y Transformaci\u00f3n del Estado.<\/p>\n\n\n\n<p>Adem\u00e1s, se elimina la restricci\u00f3n en la cantidad de vuelos no regulares de carga y se permite realizarlos con \u201cs\u00e9ptima libertad del aire\u201d, es decir, sin que comiencen ni terminen en el pa\u00eds de origen. Por ejemplo, una aerol\u00ednea mexicana podr\u00eda ahora operar una ruta que despegue en Miami y aterrice en Buenos Aires.<\/p>\n\n\n\n<p>Tambi\u00e9n, se van a eficientizar los servicios, al ampliarse la posibilidad de acordar convenios de c\u00f3digo compartido con l\u00edneas a\u00e9reas de terceros pa\u00edses, y se acuerda trabajar en conjunto para que los tr\u00e1mites sean m\u00e1s r\u00e1pidos y eficientes para las l\u00edneas a\u00e9reas de ambas naciones, a los fines de no obstaculizar con impedimentos burocr\u00e1ticos la prestaci\u00f3n de los servicios.<\/p>\n\n\n\n<p>De esta forma ya son nueve los pa\u00edses con los que se firm\u00f3 este tipo de acuerdo: M\u00e9xico, Paraguay, Brasil, Chile, Per\u00fa, Ecuador, Uruguay, Panam\u00e1 y Canad\u00e1.<\/p>\n\n\n\n<p>La medida se oficializ\u00f3 con la firma del Secretario de Transporte de la Naci\u00f3n, Franco Mogetta y de Miguel Enrique Vallin Osuna, Director General de la Agencia Federal de Aviaci\u00f3n Civil de M\u00e9xico.<\/p>\n\n\n\n<p>Tambi\u00e9n participaron de la firma la Embajadora de los Estados Unidos Mexicanos en Argentina, Lilia Eugenia Rossbach Su\u00e1rez; el Embajador H\u00e9ctor Marcelo Cima, Secretario de Relaciones Econ\u00f3micas Internacionales de Canciller\u00eda Argentina; y la Embajadora de la Rep\u00fablica Argentina en M\u00e9xico, Mar\u00eda Gabriela Quinteros.<\/p>\n\n\n\n<p>Estuvieron presentes, adem\u00e1s, Hern\u00e1n Adri\u00e1n G\u00f3mez, subsecretario de Transporte A\u00e9reo, Julia Cordero, interventora de la ANAC y otros representantes del sector a\u00e9reo.<\/p>\n","protected":false},"excerpt":{"rendered":"<p>Es el noveno pa\u00eds en participar de esta medida. A partir de hoy, M\u00e9xico se suma a la pol\u00edtica de Cielos Abiertos impulsada por el Gobierno Nacional, mediante la firma&hellip; <\/p>\n","protected":false},"author":4,"featured_media":169720,"comment_status":"closed","ping_status":"open","sticky":false,"template":"","format":"standard","meta":{"footnotes":""},"categories":[3],"tags":[],"class_list":["post-169719","post","type-post","status-publish","format-standard","has-post-thumbnail","hentry","category-politica"],"_links":{"self":[{"href":"https:\/\/corrientesdetarde.com\/index.php\/wp-json\/wp\/v2\/posts\/169719","targetHints":{"allow":["GET"]}}],"collection":[{"href":"https:\/\/corrientesdetarde.com\/index.php\/wp-json\/wp\/v2\/posts"}],"about":[{"href":"https:\/\/corrientesdetarde.com\/index.php\/wp-json\/wp\/v2\/types\/post"}],"author":[{"embeddable":true,"href":"https:\/\/corrientesdetarde.com\/index.php\/wp-json\/wp\/v2\/users\/4"}],"replies":[{"embeddable":true,"href":"https:\/\/corrientesdetarde.com\/index.php\/wp-json\/wp\/v2\/comments?post=169719"}],"version-history":[{"count":1,"href":"https:\/\/corrientesdetarde.com\/index.php\/wp-json\/wp\/v2\/posts\/169719\/revisions"}],"predecessor-version":[{"id":169721,"href":"https:\/\/corrientesdetarde.com\/index.php\/wp-json\/wp\/v2\/posts\/169719\/revisions\/169721"}],"wp:featuredmedia":[{"embeddable":true,"href":"https:\/\/corrientesdetarde.com\/index.php\/wp-json\/wp\/v2\/media\/169720"}],"wp:attachment":[{"href":"https:\/\/corrientesdetarde.com\/index.php\/wp-json\/wp\/v2\/media?parent=169719"}],"wp:term":[{"taxonomy":"category","embeddable":true,"href":"https:\/\/corrientesdetarde.com\/index.php\/wp-json\/wp\/v2\/categories?post=169719"},{"taxonomy":"post_tag","embeddable":true,"href":"https:\/\/corrientesdetarde.com\/index.php\/wp-json\/wp\/v2\/tags?post=169719"}],"curies":[{"name":"wp","href":"https:\/\/api.w.org\/{rel}","templated":true}]}}