{"id":170176,"date":"2024-11-03T08:38:40","date_gmt":"2024-11-03T11:38:40","guid":{"rendered":"https:\/\/corrientesdetarde.com\/?p=170176"},"modified":"2024-11-03T13:14:45","modified_gmt":"2024-11-03T16:14:45","slug":"atraparon-a-un-ladron-que-ingreso-a-una-reconocida-floreria-de-corrientes","status":"publish","type":"post","link":"https:\/\/corrientesdetarde.com\/index.php\/actualidad\/atraparon-a-un-ladron-que-ingreso-a-una-reconocida-floreria-de-corrientes\/","title":{"rendered":"Atraparon a un ladr\u00f3n que ingres\u00f3 a una reconocida florer\u00eda de Corrientes"},"content":{"rendered":"\n<p>Un hombre de 26 a\u00f1os fue detenido tras ingresar con fines de robo a una reconocida florer\u00eda de Corrientes. La Polic\u00eda lo captur\u00f3 en el lugar con dinero en efectivo y un celular sustra\u00eddo.<\/p>\n\n\n\n<p>En la madrugada del viernes, cerca de las 4:20 horas, un hombre de 26 a\u00f1os fue detenido por efectivos de la Polic\u00eda de Corrientes tras ingresar con intenciones de robo a una reconocida florer\u00eda ubicada en la intersecci\u00f3n de calles San Mart\u00edn y Espa\u00f1a. La captura se realiz\u00f3 gracias a la r\u00e1pida respuesta de la polic\u00eda, que recibi\u00f3 la alerta del Sistema Integral de Seguridad 911.<\/p>\n\n\n\n<p>Al llegar al lugar, los agentes del Comando Patrulla Motorizada encontraron al sospechoso intentando salir del local por la puerta, la cual hab\u00eda sido violentada para facilitar el ingreso. En el momento de su aprehensi\u00f3n, se le incautaron dinero en efectivo y un tel\u00e9fono celular Samsung Galaxy A11.<\/p>\n\n\n\n<p>El detenido fue trasladado a la Comisar\u00eda Cuarta Urbana junto con los elementos secuestrados, y qued\u00f3 a disposici\u00f3n de la justicia mientras avanzan las investigaciones.<\/p>\n","protected":false},"excerpt":{"rendered":"<p>Un hombre de 26 a\u00f1os fue detenido tras ingresar con fines de robo a una reconocida florer\u00eda de Corrientes. La Polic\u00eda lo captur\u00f3 en el lugar con dinero en efectivo&hellip; <\/p>\n","protected":false},"author":4,"featured_media":170177,"comment_status":"closed","ping_status":"open","sticky":false,"template":"","format":"standard","meta":{"footnotes":""},"categories":[23,33],"tags":[],"class_list":["post-170176","post","type-post","status-publish","format-standard","has-post-thumbnail","hentry","category-actualidad","category-policiales"],"_links":{"self":[{"href":"https:\/\/corrientesdetarde.com\/index.php\/wp-json\/wp\/v2\/posts\/170176","targetHints":{"allow":["GET"]}}],"collection":[{"href":"https:\/\/corrientesdetarde.com\/index.php\/wp-json\/wp\/v2\/posts"}],"about":[{"href":"https:\/\/corrientesdetarde.com\/index.php\/wp-json\/wp\/v2\/types\/post"}],"author":[{"embeddable":true,"href":"https:\/\/corrientesdetarde.com\/index.php\/wp-json\/wp\/v2\/users\/4"}],"replies":[{"embeddable":true,"href":"https:\/\/corrientesdetarde.com\/index.php\/wp-json\/wp\/v2\/comments?post=170176"}],"version-history":[{"count":1,"href":"https:\/\/corrientesdetarde.com\/index.php\/wp-json\/wp\/v2\/posts\/170176\/revisions"}],"predecessor-version":[{"id":170178,"href":"https:\/\/corrientesdetarde.com\/index.php\/wp-json\/wp\/v2\/posts\/170176\/revisions\/170178"}],"wp:featuredmedia":[{"embeddable":true,"href":"https:\/\/corrientesdetarde.com\/index.php\/wp-json\/wp\/v2\/media\/170177"}],"wp:attachment":[{"href":"https:\/\/corrientesdetarde.com\/index.php\/wp-json\/wp\/v2\/media?parent=170176"}],"wp:term":[{"taxonomy":"category","embeddable":true,"href":"https:\/\/corrientesdetarde.com\/index.php\/wp-json\/wp\/v2\/categories?post=170176"},{"taxonomy":"post_tag","embeddable":true,"href":"https:\/\/corrientesdetarde.com\/index.php\/wp-json\/wp\/v2\/tags?post=170176"}],"curies":[{"name":"wp","href":"https:\/\/api.w.org\/{rel}","templated":true}]}}