{"id":170185,"date":"2024-11-03T08:57:29","date_gmt":"2024-11-03T11:57:29","guid":{"rendered":"https:\/\/corrientesdetarde.com\/?p=170185"},"modified":"2024-11-03T13:15:03","modified_gmt":"2024-11-03T16:15:03","slug":"trabajamos-para-que-la-formula-1-vuelva-a-la-argentina-scioli-se-mostro-con-colapinto-e-ilusiono-a-los-fans","status":"publish","type":"post","link":"https:\/\/corrientesdetarde.com\/index.php\/deportes\/trabajamos-para-que-la-formula-1-vuelva-a-la-argentina-scioli-se-mostro-con-colapinto-e-ilusiono-a-los-fans\/","title":{"rendered":"&#8220;Trabajamos para que la F\u00f3rmula 1 vuelva a la Argentina&#8221;: Scioli se mostr\u00f3 con Colapinto e ilusion\u00f3 a los fans"},"content":{"rendered":"\n<p>El secretario de Turismo y Deportes viaj\u00f3 al Gran Premio de Brasil para continuar con las negociaciones y el sue\u00f1o del regreso de la m\u00e1xima categor\u00eda del automovilismo mundial a nuestro pa\u00eds.<\/p>\n\n\n\n<p>En medio de la euforia por Franco Colapinto y el Gran Premio de Brasil plagado de fan\u00e1ticos argentinos, el Gobierno dio otro paso fundamental para la vuelta de la F\u00f3rmula 1 a nuestro pa\u00eds: Daniel Scioli se reuni\u00f3 este s\u00e1bado con el piloto argentino y varias figuras del automovilismo.<\/p>\n\n\n\n<p>&#8220;La integraci\u00f3n al mundo, la estabilidad macroecon\u00f3mica, la seguridad y el orden que est\u00e1 generando el presidente Javier Milei hacen posible que trabajemos para que la F\u00f3rmula 1 regrese a la Argentina&#8221;, reconoci\u00f3 el secretario de Turismo y agreg\u00f3: &#8220;Tuvimos un nuevo encuentro con Bernie Ecclestone, una de las figuras m\u00e1s relevantes en la historia de la F\u00f3rmula 1, acompa\u00f1ado por su esposa Fabiana Flosi&#8221;.<\/p>\n\n\n\n<p>Adem\u00e1s, se encontr\u00f3 con la flamante estrella de la F\u00f3rmula 1: &#8220;Junto a C\u00e9sar Carman, presidente del Autom\u00f3vil Club Argentino, y Felipe Mc Gough, visitamos el hospitality de Williams, donde compartimos con Franco Colapinto y el experimentado director de la escuder\u00eda Williams Racing, James Vowles&#8221;.<\/p>\n\n\n\n<p>Por \u00faltimo, el exmotonauta afirm\u00f3: &#8220;Fue un placer contar tambi\u00e9n con la presencia de Ver\u00f3nica Ghio, esposa del querido Lole Reutemann, quien nos expres\u00f3 su apoyo en este proceso para el regreso de la F1 a nuestro pa\u00eds&#8221;.<\/p>\n\n\n\n<p><strong>Daniel Scioli se reuni\u00f3 con representantes de la F\u00f3rmula 1 en Brasil<\/strong><br>El secretario de Turismo y Deportes tuvo conversaciones con Stefano Domenicali, presidente y consejero delegado de la F\u00f3rmula 1, y Torben Olsen, el jefe de Desarrollo y Carreras. A trav\u00e9s de un posteo en su cuenta de X (ex-Twitter), el funcionario dej\u00f3 evidencia de este encuentro y llen\u00f3 de esperanza a los fan\u00e1ticos.<\/p>\n\n\n\n<p>&#8220;Reuni\u00f3n con Stefano Domenicali, presidente y consejero delegado de la F\u00f3rmula 1 y Torben Olsen, el jefe de Desarrollo y Carreras. Junto al presidente del Autom\u00f3vil Club Argentino, C\u00e9sar Carman, y Felipe Mc Gough, pusimos en marcha el proceso para que vuelva la F1 a la Argentina&#8221;, escribi\u00f3 Scioli. Y agreg\u00f3: &#8220;Mucho trabajo por delante, para la preparaci\u00f3n de un evento tan exigente, sofisticado y prestigioso como este, que requiere de una serie de evaluaciones y requerimientos m\u00faltiples&#8221;.<\/p>\n\n\n\n<p>Seg\u00fan asegur\u00f3 la Agencia de Noticias NA, fuentes cercanas a Scioli informan que la idea del regreso de la F\u00f3rmula 1 est\u00e1 planeada para la temporada 2027 y ser\u00eda solo en el Aut\u00f3dromo \u00d3scar y Juan G\u00e1lvez. Al mismo tiempo, se espera una inversi\u00f3n de m\u00e1s de 30 millones de d\u00f3lares para acondicionar todo el complejo y favorecer la llegada de la m\u00e1xima categor\u00eda del automovilismo mundial.<\/p>\n\n\n\n<p><strong>C\u00f3mo sigue el fin de semana de Franco Colapinto en el GP de Brasil tras la suspensi\u00f3n por lluvias<\/strong><br>Domingo 3 de noviembre:<\/p>\n\n\n\n<p>Clasificaci\u00f3n para la carrera principal: 07:30<\/p>\n\n\n\n<p>Carrera principal: 12:30<\/p>\n","protected":false},"excerpt":{"rendered":"<p>El secretario de Turismo y Deportes viaj\u00f3 al Gran Premio de Brasil para continuar con las negociaciones y el sue\u00f1o del regreso de la m\u00e1xima categor\u00eda del automovilismo mundial a&hellip; <\/p>\n","protected":false},"author":4,"featured_media":170186,"comment_status":"closed","ping_status":"open","sticky":false,"template":"","format":"standard","meta":{"footnotes":""},"categories":[4,26],"tags":[],"class_list":["post-170185","post","type-post","status-publish","format-standard","has-post-thumbnail","hentry","category-deportes","category-destacados"],"_links":{"self":[{"href":"https:\/\/corrientesdetarde.com\/index.php\/wp-json\/wp\/v2\/posts\/170185","targetHints":{"allow":["GET"]}}],"collection":[{"href":"https:\/\/corrientesdetarde.com\/index.php\/wp-json\/wp\/v2\/posts"}],"about":[{"href":"https:\/\/corrientesdetarde.com\/index.php\/wp-json\/wp\/v2\/types\/post"}],"author":[{"embeddable":true,"href":"https:\/\/corrientesdetarde.com\/index.php\/wp-json\/wp\/v2\/users\/4"}],"replies":[{"embeddable":true,"href":"https:\/\/corrientesdetarde.com\/index.php\/wp-json\/wp\/v2\/comments?post=170185"}],"version-history":[{"count":1,"href":"https:\/\/corrientesdetarde.com\/index.php\/wp-json\/wp\/v2\/posts\/170185\/revisions"}],"predecessor-version":[{"id":170187,"href":"https:\/\/corrientesdetarde.com\/index.php\/wp-json\/wp\/v2\/posts\/170185\/revisions\/170187"}],"wp:featuredmedia":[{"embeddable":true,"href":"https:\/\/corrientesdetarde.com\/index.php\/wp-json\/wp\/v2\/media\/170186"}],"wp:attachment":[{"href":"https:\/\/corrientesdetarde.com\/index.php\/wp-json\/wp\/v2\/media?parent=170185"}],"wp:term":[{"taxonomy":"category","embeddable":true,"href":"https:\/\/corrientesdetarde.com\/index.php\/wp-json\/wp\/v2\/categories?post=170185"},{"taxonomy":"post_tag","embeddable":true,"href":"https:\/\/corrientesdetarde.com\/index.php\/wp-json\/wp\/v2\/tags?post=170185"}],"curies":[{"name":"wp","href":"https:\/\/api.w.org\/{rel}","templated":true}]}}