{"id":170725,"date":"2024-11-05T14:10:40","date_gmt":"2024-11-05T17:10:40","guid":{"rendered":"https:\/\/corrientesdetarde.com\/?p=170725"},"modified":"2024-11-05T14:52:05","modified_gmt":"2024-11-05T17:52:05","slug":"concientizaran-sobre-la-importancia-de-los-controles-para-evitar-nacimientos-prematuros","status":"publish","type":"post","link":"https:\/\/corrientesdetarde.com\/index.php\/bienestar-y-salud\/concientizaran-sobre-la-importancia-de-los-controles-para-evitar-nacimientos-prematuros\/","title":{"rendered":"Concientizar\u00e1n sobre la importancia de los controles para evitar nacimientos prematuros"},"content":{"rendered":"\n<p><em>El personal del Hospital Neonatal, organiz\u00f3 diferentes actividades que tienen que ver con la importancia de los ex\u00e1menes durante el embarazo. Estar\u00e1n en la plaza Vera y habr\u00e1 una jornada en el Campa\u00f1a. Otro de los objetivos es difundir los servicios. En todos los centros de salud se realizan actividades.&nbsp;<\/em><\/p>\n\n\n\n<p>La Semana del Prematuro 2024 se celebrar\u00e1 del 11 al 17 de noviembre y, en este contexto, desde el Hospital Materno Neonatal &#8220;Elo\u00edsa Torrent de Vidal&#8221;&nbsp;que depende del Ministerio de Salud P\u00fablica, se organiz\u00f3 actividades de concientizaci\u00f3n. Este a\u00f1o, habr\u00e1 una campa\u00f1a extra muros. El personal &nbsp;de esta instituci\u00f3n sanitaria saldr\u00e1 a la comunidad a difundir sobre la situaci\u00f3n de estos ni\u00f1os y ni\u00f1as y, c\u00f3mo prevenirlas.<\/p>\n\n\n\n<p>&#8220;Tenemos varias actividades dentro del Hospital, pero tambi\u00e9n, este a\u00f1o, decidimos salir a la comunidad. Queremos que conozcan nuestra instituci\u00f3n. Por ello, el lunes 11, martes 12, jueves 14 y viernes 15 de noviembre estaremos en la plaza Vera con nuestro stand de 9.30 a 11. A la vez, el mi\u00e9rcoles 13, haremos una jornada con el escritor Gabriel Cortina. \u00c9l, escribi\u00f3 e ilustr\u00f3 dos libros: uno habla sobre la neonatolog\u00eda y el otro sobre el duelo perinatal&#8221;, precis\u00f3 la jefa del Servicio de Neonatolog\u00eda del Hospital Vidal, Carina Bogado.<\/p>\n\n\n\n<p>El domingo 17 ser\u00e1 la caravana de la comunidad por los prematuros. La concentraci\u00f3n ser\u00e1 a las 18 en el Anfiteatro &#8220;Jos\u00e9 Hern\u00e1ndez&#8221;. Este a\u00f1o, el tema de ambientaci\u00f3n elegido fue el mundo gal\u00e1ctico, inspirado en el libro de Cortina.<\/p>\n\n\n\n<p>&#8220;Necesitamos transmitir a todas las embarazadas la importancia de los controles. Es fundamental que se midan la presi\u00f3n, el az\u00facar en sangre y, si tienen alg\u00fan problema odontol\u00f3gico, tambi\u00e9n visiten el consultorio. Todo esto evita que el beb\u00e9 nazca prematuramente. Necesitamos salir y recordar a la comunidad que pueden hacerse estos controles en los centros de salud p\u00fablicos&#8221;, dijo Bogado.<\/p>\n\n\n\n<p>Adem\u00e1s, agreg\u00f3 que en el Hospital Materno est\u00e1 &#8220;el consultorio de alto riesgo, Hospital de D\u00eda, y tenemos el consultorio de seguimiento de alto riesgo (no es pedi\u00e1trico)&nbsp;dirigido a los ni\u00f1os que nacieron prematuramente y a quienes se le hace el control hasta los 6 a\u00f1os&#8221;.<\/p>\n\n\n\n<p>Es una maternidad 3B CONE (unidades con capacidad de proveer todo tipo de cuidado neonatal),&nbsp;es de alta complejidad donde &#8220;asisten reci\u00e9n nacidos de menos de 32 semanas con un peso menor a 1.500 gramos&#8221; explicaron. Tiene, &#8220;una capacidad en Neonatolog\u00eda de internaci\u00f3n de 50 plazas y en el 2023, de todos los partos, el 71% ingresaron a Neonatolog\u00eda, equivalente a 1583 nacidos&#8221;, informaron.<\/p>\n\n\n\n<p>&#8220;Tambi\u00e9n se asiste a reci\u00e9n nacidos con patolog\u00edas quir\u00fargicas en general y cardiovasculares, con malformaciones, entre otros. Desde el 2016 somos un hospital nuevo. En la internaci\u00f3n, hay un promedio de entre 34 y 38 beb\u00e9s prematuros. Nuestra capacidad es de 50. Adem\u00e1s, hacemos detecci\u00f3n del desarrollo cognitivo y neuronal&#8221;, coment\u00f3 Carina Bogado y agreg\u00f3 que, en el hospital, hay 2600 nacimientos por a\u00f1o.<\/p>\n\n\n\n<p>Un beb\u00e9 prematuro es aquel que nace vivo antes de que se completen 37 semanas de embarazo. Pueden tener problemas de salud porque sus \u00f3rganos no se desarrollaron&nbsp;lo suficiente.<\/p>\n\n\n\n<p>En todas las maternidades y centros de salud de la Provincia se realizar\u00e1n acciones de sensibilizaci\u00f3n.<\/p>\n\n\n\n<p><strong>Actividades en el Materno<\/strong><\/p>\n\n\n\n<p>Desde el 11 al 17, ser\u00e1 la Campa\u00f1a de Iluminaci\u00f3n con el lema &#8220;Beb\u00e9s Prematuros: Peque\u00f1as acciones de alto impacto&#8221;. Cada a\u00f1o 15 millones de beb\u00e9s en todo el mundo nacen prematuramente, enfrentando obst\u00e1culos y desaf\u00edos \u00fanicos.<\/p>\n\n\n\n<p>&#8220;Por tal motivo nos solidarizamos con nuestros beb\u00e9s valientes y sus familias pidiendo que coloquen una cinta o iluminen edificios y espacios p\u00fablicos de color violeta&#8221;, indicaron desde Hospital materno.<\/p>\n\n\n\n<p>El lunes 11, a las 8.30 horas ser\u00e1 el acto inaugural con palabras alusivas a cargo de la directora dell Hospital Vidal, Lilian M\u00e9ndez Gallino, en Consultorios Externos. A las 9, una charla sobre concientizaci\u00f3n del control prenatal a cargo de la Residencia de Tocoginecolog\u00eda y Obstetricia. A las 10, taller sobre cuidados en el neurodesarrollo dirigido a las familias.<\/p>\n\n\n\n<p>Al d\u00eda siguiente, a las 9.30 una charla sobre control oftalmol\u00f3gico y su importancia, tambi\u00e9n en Consultorios Externos. Estar\u00e1 a cargo del Servicio de Oftalmolog\u00eda. A las 9.30, RCP para padres y sue\u00f1o seguro en la ex sala de admisi\u00f3n a cargo de Enfermer\u00eda.<\/p>\n\n\n\n<p>El mi\u00e9rcoles est\u00e1 programado habr\u00e1 un conversatorio y presentaci\u00f3n del libro NEO y Ema en el Sal\u00f3n Auditorio del Hospital de Campa\u00f1a.<\/p>\n\n\n\n<p>El 14, otra charla, pero esta vez de la importancia de la pesquisa auditiva en Consultorio Externo, a cargo de Fonoaudiolog\u00eda. A las 9.30 tratar\u00e1n sobre el Rol del Neonat\u00f3logo en la pesquisa metab\u00f3lica en la ex sala de admisi\u00f3n.<\/p>\n\n\n\n<p>El viernes, trabajar\u00e1n sobre nutrici\u00f3n y lactancia, a cargo del Bando de Leche y, a las 10, una charla &#8220;Prepar\u00e1ndose para el Alta&#8221;&nbsp;a cargo de la Residencia de Neonatolog\u00eda, en el mismo lugar que la actividad anterior. Por otra parte, el jueves 7 a las 9.30, en el Hospital de Campa\u00f1a &#8220;Escuela Hogar&#8221;, habr\u00e1 un acto por el Sexto Aniversario del Banco de Leche Humana del Hospital Materno Neonatal &#8220;Elo\u00edsa Torrent de Vidal&#8221;.<\/p>\n\n\n\n<p><\/p>\n\n\n\n<p><\/p>\n","protected":false},"excerpt":{"rendered":"<p>El personal del Hospital Neonatal, organiz\u00f3 diferentes actividades que tienen que ver con la importancia de los ex\u00e1menes durante el embarazo. Estar\u00e1n en la plaza Vera y habr\u00e1 una jornada&hellip; <\/p>\n","protected":false},"author":8,"featured_media":170726,"comment_status":"closed","ping_status":"open","sticky":false,"template":"","format":"standard","meta":{"footnotes":""},"categories":[16],"tags":[],"class_list":["post-170725","post","type-post","status-publish","format-standard","has-post-thumbnail","hentry","category-bienestar-y-salud"],"_links":{"self":[{"href":"https:\/\/corrientesdetarde.com\/index.php\/wp-json\/wp\/v2\/posts\/170725","targetHints":{"allow":["GET"]}}],"collection":[{"href":"https:\/\/corrientesdetarde.com\/index.php\/wp-json\/wp\/v2\/posts"}],"about":[{"href":"https:\/\/corrientesdetarde.com\/index.php\/wp-json\/wp\/v2\/types\/post"}],"author":[{"embeddable":true,"href":"https:\/\/corrientesdetarde.com\/index.php\/wp-json\/wp\/v2\/users\/8"}],"replies":[{"embeddable":true,"href":"https:\/\/corrientesdetarde.com\/index.php\/wp-json\/wp\/v2\/comments?post=170725"}],"version-history":[{"count":2,"href":"https:\/\/corrientesdetarde.com\/index.php\/wp-json\/wp\/v2\/posts\/170725\/revisions"}],"predecessor-version":[{"id":170728,"href":"https:\/\/corrientesdetarde.com\/index.php\/wp-json\/wp\/v2\/posts\/170725\/revisions\/170728"}],"wp:featuredmedia":[{"embeddable":true,"href":"https:\/\/corrientesdetarde.com\/index.php\/wp-json\/wp\/v2\/media\/170726"}],"wp:attachment":[{"href":"https:\/\/corrientesdetarde.com\/index.php\/wp-json\/wp\/v2\/media?parent=170725"}],"wp:term":[{"taxonomy":"category","embeddable":true,"href":"https:\/\/corrientesdetarde.com\/index.php\/wp-json\/wp\/v2\/categories?post=170725"},{"taxonomy":"post_tag","embeddable":true,"href":"https:\/\/corrientesdetarde.com\/index.php\/wp-json\/wp\/v2\/tags?post=170725"}],"curies":[{"name":"wp","href":"https:\/\/api.w.org\/{rel}","templated":true}]}}