{"id":170729,"date":"2024-11-05T14:57:36","date_gmt":"2024-11-05T17:57:36","guid":{"rendered":"https:\/\/corrientesdetarde.com\/?p=170729"},"modified":"2024-11-05T14:57:41","modified_gmt":"2024-11-05T17:57:41","slug":"wanda-nara-revelo-el-verdadero-motivo-por-el-que-se-separo-de-mauro-icardi-no-era-sano","status":"publish","type":"post","link":"https:\/\/corrientesdetarde.com\/index.php\/espectaculos\/wanda-nara-revelo-el-verdadero-motivo-por-el-que-se-separo-de-mauro-icardi-no-era-sano\/","title":{"rendered":"Wanda Nara revel\u00f3 el verdadero motivo por el que se separ\u00f3 de Mauro Icardi: \u201cNo era sano\u201d"},"content":{"rendered":"\n<p>Luego de los comentarios que recibi\u00f3 por blanquear su relaci\u00f3n con L-Gante, la conductora comparti\u00f3 un tremendo descargo y dispar\u00f3 contra su exmarido.<\/p>\n\n\n\n<p><strong>Wanda Nara\u00a0<\/strong>public\u00f3 un tremendo descargo luego de blanquear su relaci\u00f3n con L-Gante. Despu\u00e9s de recibir cr\u00edticas, la conductora se refiri\u00f3 a su presente econ\u00f3mico y dispar\u00f3 contra Mauro Icardi.<\/p>\n\n\n\n<p>\u201cLa cultura machista est\u00e1 muy lejos de lo que quiero para m\u00ed y para mis hijas.<strong>\u00a0Estoy separada y libre de estar con quien quiera y me haga bien<\/strong>\u201d, escribi\u00f3 la medi\u00e1tica a trav\u00e9s de sus historias de Instagram.<\/p>\n\n\n\n<p>Acto seguido, se refiri\u00f3 a los ataques que recibi\u00f3 en redes: \u201cLos fans deber\u00edan conocer todas las partes y situaciones para realmente estar orgullosos o no de su \u00eddolo. Me hago cargo econ\u00f3micamente de mis hijos sola, lucho con una mudanza y recuperar las mascotas de mis hijas que lamentablemente son rehenes, tambi\u00e9n con amenazas\u201d.<\/p>\n\n\n\n<figure class=\"wp-block-image\"><img decoding=\"async\" src=\"https:\/\/tn.com.ar\/resizer\/v2\/el-comunicado-de-wanda-nara-tras-blanquear-su-vinculo-con-l-gante-foto-instagram-wandanara-3TPSMH6ZX5HCRNXOIZSTGFKNKI.JPG?auth=bf000cd283014c041150872066ae716adee94d17cf95c7659c59fd8759ff33b7&amp;width=767\" alt=\"El comunicado de Wanda Nara tras blanquear su v\u00ednculo con L-Gante (Foto: Instagram \/ wanda_nara)\"\/><\/figure>\n\n\n\n<p>\u201c<strong>Ojal\u00e1 tengan mis mismos ideales<\/strong>: cuando no soy m\u00e1s feliz, me voy. No me importa lo exterior de nadie. No me quedo en una relaci\u00f3n infeliz por una foto familiar. Mientras fui feliz, estuve, cuando eso deja de pasar me parece lo m\u00e1s sincero seguir mi camino\u201d, agreg\u00f3.<\/p>\n\n\n\n<p>En cuanto a la situaci\u00f3n que atraviesas sus nenes, fruto de la relaci\u00f3n con Maxi L\u00f3pez e Icardi, la empresaria fue contundente: \u201cNo se preocupen por mis hijos. Si hay algo que soy es buena madre. No es m\u00e1s sano permanecer o esconder situaciones de infidelidades solo para mantener la uni\u00f3n, al menos para m\u00ed. Voy a ir siempre en busca de mi felicidad\u201d.<\/p>\n\n\n\n<h2 class=\"wp-block-heading\">Se conoci\u00f3 el pacto que hicieron Wanda Nara y L-Gante para ponerse de novios tras dos a\u00f1os de idas y vueltas<\/h2>\n\n\n\n<p>El circo termin\u00f3.\u00a0<strong>Wanda Nara y L-Gante se decidieron y comenzaron a escribir su propia historia de amor<\/strong> luego de dos a\u00f1os de histeriqueo. As\u00ed lo confirmaron ellos mismos este lunes a la noche en un vivo de Instagram, donde se besaron, intercambiaron sus sentimientos y hasta expusieron el pacto que sellaron para que la relaci\u00f3n funcione. \u201cTe amo\u201d, pronunci\u00f3 ella completamente enamorada.<\/p>\n\n\n\n<p>Los tortolitos indicaron que deseaban \u201cjug\u00e1rsela\u201d por este romance y que por eso se prometieron \u201cdarlo todo y arriesgarse\u201d pese a las enormes cr\u00edticas y la poca aceptaci\u00f3n del noviazgo. \u201c\u00bfQui\u00e9n banca esto adem\u00e1s de nadie?\u201d, brome\u00f3 la empresaria, que aprovech\u00f3 para aclarar que sus hijos s\u00ed la apoyan en esta nueva etapa.<\/p>\n\n\n\n<figure class=\"wp-block-image\"><img decoding=\"async\" src=\"https:\/\/tn.com.ar\/resizer\/v2\/wanda-nara-y-l-gante-ya-no-se-ocultan-foto-instagramwandanara-BDIPKY4RFFBJJJHPHBAODQOZYU.JPG?auth=161b0529b7c0d24cdd901280f4a359c04f38c58ea655a355e8202eab5bb4ab11&amp;width=767\" alt=\"Wanda Nara y L-Gante ya no se ocultan. (Foto: instagram\/wanda_nara)\"\/><\/figure>\n\n\n\n<p>En las \u00faltimas horas, y tras las fogosas escenas frente a m\u00e1s de 60 mil personas en las redes, tambi\u00e9n se filtr\u00f3 que&nbsp;<strong>Mauro Icardi llegar\u00e1 a la Argentina el 10 de noviembre<\/strong>. El dato fue dado por Yanina Latorre, que desliz\u00f3 que el jugador no se quedar\u00eda de brazos cruzados.<\/p>\n","protected":false},"excerpt":{"rendered":"<p>Luego de los comentarios que recibi\u00f3 por blanquear su relaci\u00f3n con L-Gante, la conductora comparti\u00f3 un tremendo descargo y dispar\u00f3 contra su exmarido. Wanda Nara\u00a0public\u00f3 un tremendo descargo luego de&hellip; <\/p>\n","protected":false},"author":8,"featured_media":170730,"comment_status":"closed","ping_status":"open","sticky":false,"template":"","format":"standard","meta":{"footnotes":""},"categories":[19],"tags":[],"class_list":["post-170729","post","type-post","status-publish","format-standard","has-post-thumbnail","hentry","category-espectaculos"],"_links":{"self":[{"href":"https:\/\/corrientesdetarde.com\/index.php\/wp-json\/wp\/v2\/posts\/170729","targetHints":{"allow":["GET"]}}],"collection":[{"href":"https:\/\/corrientesdetarde.com\/index.php\/wp-json\/wp\/v2\/posts"}],"about":[{"href":"https:\/\/corrientesdetarde.com\/index.php\/wp-json\/wp\/v2\/types\/post"}],"author":[{"embeddable":true,"href":"https:\/\/corrientesdetarde.com\/index.php\/wp-json\/wp\/v2\/users\/8"}],"replies":[{"embeddable":true,"href":"https:\/\/corrientesdetarde.com\/index.php\/wp-json\/wp\/v2\/comments?post=170729"}],"version-history":[{"count":1,"href":"https:\/\/corrientesdetarde.com\/index.php\/wp-json\/wp\/v2\/posts\/170729\/revisions"}],"predecessor-version":[{"id":170731,"href":"https:\/\/corrientesdetarde.com\/index.php\/wp-json\/wp\/v2\/posts\/170729\/revisions\/170731"}],"wp:featuredmedia":[{"embeddable":true,"href":"https:\/\/corrientesdetarde.com\/index.php\/wp-json\/wp\/v2\/media\/170730"}],"wp:attachment":[{"href":"https:\/\/corrientesdetarde.com\/index.php\/wp-json\/wp\/v2\/media?parent=170729"}],"wp:term":[{"taxonomy":"category","embeddable":true,"href":"https:\/\/corrientesdetarde.com\/index.php\/wp-json\/wp\/v2\/categories?post=170729"},{"taxonomy":"post_tag","embeddable":true,"href":"https:\/\/corrientesdetarde.com\/index.php\/wp-json\/wp\/v2\/tags?post=170729"}],"curies":[{"name":"wp","href":"https:\/\/api.w.org\/{rel}","templated":true}]}}