{"id":170785,"date":"2024-11-05T16:43:22","date_gmt":"2024-11-05T19:43:22","guid":{"rendered":"https:\/\/corrientesdetarde.com\/?p=170785"},"modified":"2024-11-05T16:43:24","modified_gmt":"2024-11-05T19:43:24","slug":"quienes-son-los-grandes-ausentes-en-la-lista-de-la-seleccion-argentina-para-los-partidos-ante-paraguay-y-peru","status":"publish","type":"post","link":"https:\/\/corrientesdetarde.com\/index.php\/deportes\/quienes-son-los-grandes-ausentes-en-la-lista-de-la-seleccion-argentina-para-los-partidos-ante-paraguay-y-peru\/","title":{"rendered":"Qui\u00e9nes son los grandes ausentes en la lista de la Selecci\u00f3n argentina para los partidos ante Paraguay y Per\u00fa"},"content":{"rendered":"\n<p>Dos futbolistas de peso no figuran entre los convocados por Lionel Scaloni. El conjunto nacional jugar\u00e1 la semana pr\u00f3xima la \u00faltima doble fecha de Eliminatorias de este a\u00f1o.<\/p>\n\n\n\n<p>Este martes se public\u00f3 la lista de la<strong>\u00a0Selecci\u00f3n argentina<\/strong>\u00a0con los convocados del entrenador\u00a0<strong>Lionel Scaloni<\/strong>\u00a0para los<strong>\u00a0partidos ante Paraguay y Per\u00fa por las\u00a0Eliminatorias Sudamericanas<\/strong>. Entre varios regresos, se destac\u00f3 una gran ausencia:<strong>\u00a0Paulo Dybala<\/strong>\u00a0no viajar\u00e1 con el plantel nuevamente.<\/p>\n\n\n\n<p>El entrenador volvi\u00f3 a dejar afuera a La Joya de la Roma, quien cada vez pierde m\u00e1s terreno en la Albiceleste. Adem\u00e1s, el otro campe\u00f3n del mundo que no se pondr\u00e1 la camiseta con las tres estrellas es&nbsp;<strong>Marcos Acu\u00f1a<\/strong>.<\/p>\n\n\n\n<p>El lateral izquierdo de River no fue convocado por Scaloni, quien s\u00ed lo hab\u00eda citado para la doble fecha ante Venezuela y Bolivia. En esa oportunidad, el Huevo se hab\u00eda lesionado y su lugar lo hab\u00eda ocupado Julio Soler, al que esta vez no llamaron.<\/p>\n\n\n\n<figure class=\"wp-block-image\"><img decoding=\"async\" src=\"https:\/\/tn.com.ar\/resizer\/v2\/paulo-dybala-entro-en-el-segundo-tiempo-ante-chile-y-convirtio-el-tercer-gol-del-partido-foto-paulodybalainstagram-2PVPDIFYYJHFRMKEXWVFBWIR7U.jpg?auth=9ba3e064f54754b9d3e21dca384071ee15b45d5a6b00eb7dd7d588bf38708337&amp;width=767\" alt=\"Paulo Dybala entr\u00f3 en el segundo tiempo ante Chile y convirti\u00f3 el tercer gol del partido. (Foto: paulodybala\/Instagram).\"\/><\/figure>\n\n\n\n<h2 class=\"wp-block-heading\">La gran sorpresa de Lionel Scaloni en la lista de la Selecci\u00f3n argentina<\/h2>\n\n\n\n<p>El entrenador sorprendi\u00f3 con la inclusi\u00f3n de\u00a0<strong>Enzo Barrenechea<\/strong>, el joven surgido en Newell\u00b4s, que est\u00e1 pr\u00e9stamo en el Valencia de Espa\u00f1a. Entre los 28 futbolistas citados se destacan adem\u00e1s el regreso de\u00a0<strong>Emiliano \u201cDibu\u201d Mart\u00ednez<\/strong>, luego de la suspensi\u00f3n que le impuso la FIFA, y la citaci\u00f3n a\u00a0<strong>Cristian \u201cCuti\u201d Romero<\/strong>, quien termin\u00f3 con lesi\u00f3n en un dedo del pie en el partido en el que Tottenham le gan\u00f3 4-1 a Aston Villa el \u00faltimo fin de semana y debi\u00f3 ser reemplazado.<\/p>\n\n\n\n<p><strong>Giovani Lo Celso y Nicol\u00e1s Gonz\u00e1lez<\/strong>, quienes estaban en duda por complicaciones f\u00edsicas, tambi\u00e9n aparecen entre los convocados.<\/p>\n\n\n\n<h2 class=\"wp-block-heading\">Los convocados por Lionel Scaloni para los partidos ante Paraguay y Per\u00fa por las Eliminatorias Sudamericanas<\/h2>\n\n\n\n<figure class=\"wp-block-image\"><img decoding=\"async\" src=\"https:\/\/tn.com.ar\/resizer\/v2\/la-lista-de-convocados-de-scaloni-para-los-partidos-ante-paraguay-y-peru-foto-argentinax-GWDA3QHOSBFSDJMEEVQZVLK454.jpeg?auth=148f25f675dd1b60c1111ff5a8a8c26478638ea9cf928e1d256ad46356882309&amp;width=767\" alt=\"La lista de convocados de Scaloni para los partidos ante Paraguay y Per\u00fa. (Foto: argentina\/X).\"\/><\/figure>\n\n\n\n<h2 class=\"wp-block-heading\">Cu\u00e1ndo juega la Selecci\u00f3n argentina contra Paraguay y Per\u00fa por las Eliminatorias Sudamericanas<\/h2>\n\n\n\n<p>La\u00a0<strong>Selecci\u00f3n argentina<\/strong>\u00a0enfrentar\u00e1 a Paraguay por la fecha 11 de las Eliminatorias Sudamericanas el jueves 14 de noviembre a las 20.30 (hora de Argentina), en Asunci\u00f3n.<\/p>\n\n\n\n<p>D\u00edas despu\u00e9s, el martes 19, la Albiceleste recibir\u00e1 a Per\u00fa en la Bombonera a las 21. El equipo de <strong>Lionel Scaloni\u00a0<\/strong>ser\u00e1 local en el estadio de Boca por los preparativos en el estadio de Monumental para la final de la Copa Libertadores 2024.<\/p>\n\n\n\n<h2 class=\"wp-block-heading\">Cu\u00e1ndo fue la \u00faltima vez que la Selecci\u00f3n argentina hizo de local en La Bombonera<\/h2>\n\n\n\n<p>La \u00faltima vez que la Selecci\u00f3n fue local en el estadio de Boca fue en estas Eliminatorias, el 16 de noviembre de 2023, en la derrota ante Uruguay por 2-0 correspondiente a la fecha 5 del certamen continental.<\/p>\n\n\n\n<figure class=\"wp-block-image\"><img decoding=\"async\" src=\"https:\/\/tn.com.ar\/resizer\/v2\/la-ultima-vez-que-la-seleccion-argentina-jugo-en-la-bombonera-fue-en-la-derrota-2-0-ante-uruguay-en-noviembre-de-2023-foto-reutersagustin-marcarian-LPAG2UOBZCALOGSIHATMX3PLWY.jpg?auth=b09e9c4df337364e502888323302114ddb895f3c5e6642eda353293f7db0b1e6&amp;width=767\" alt=\"La \u00faltima vez que la Selecci\u00f3n argentina jug\u00f3 en la Bombonera fue en la derrota 2-0 ante Uruguay, en noviembre de 2023. (Foto: REUTERS\/Agustin Marcarian).\"\/><\/figure>\n","protected":false},"excerpt":{"rendered":"<p>Dos futbolistas de peso no figuran entre los convocados por Lionel Scaloni. El conjunto nacional jugar\u00e1 la semana pr\u00f3xima la \u00faltima doble fecha de Eliminatorias de este a\u00f1o. Este martes&hellip; <\/p>\n","protected":false},"author":8,"featured_media":170787,"comment_status":"closed","ping_status":"open","sticky":false,"template":"","format":"standard","meta":{"footnotes":""},"categories":[4],"tags":[],"class_list":["post-170785","post","type-post","status-publish","format-standard","has-post-thumbnail","hentry","category-deportes"],"_links":{"self":[{"href":"https:\/\/corrientesdetarde.com\/index.php\/wp-json\/wp\/v2\/posts\/170785","targetHints":{"allow":["GET"]}}],"collection":[{"href":"https:\/\/corrientesdetarde.com\/index.php\/wp-json\/wp\/v2\/posts"}],"about":[{"href":"https:\/\/corrientesdetarde.com\/index.php\/wp-json\/wp\/v2\/types\/post"}],"author":[{"embeddable":true,"href":"https:\/\/corrientesdetarde.com\/index.php\/wp-json\/wp\/v2\/users\/8"}],"replies":[{"embeddable":true,"href":"https:\/\/corrientesdetarde.com\/index.php\/wp-json\/wp\/v2\/comments?post=170785"}],"version-history":[{"count":1,"href":"https:\/\/corrientesdetarde.com\/index.php\/wp-json\/wp\/v2\/posts\/170785\/revisions"}],"predecessor-version":[{"id":170789,"href":"https:\/\/corrientesdetarde.com\/index.php\/wp-json\/wp\/v2\/posts\/170785\/revisions\/170789"}],"wp:featuredmedia":[{"embeddable":true,"href":"https:\/\/corrientesdetarde.com\/index.php\/wp-json\/wp\/v2\/media\/170787"}],"wp:attachment":[{"href":"https:\/\/corrientesdetarde.com\/index.php\/wp-json\/wp\/v2\/media?parent=170785"}],"wp:term":[{"taxonomy":"category","embeddable":true,"href":"https:\/\/corrientesdetarde.com\/index.php\/wp-json\/wp\/v2\/categories?post=170785"},{"taxonomy":"post_tag","embeddable":true,"href":"https:\/\/corrientesdetarde.com\/index.php\/wp-json\/wp\/v2\/tags?post=170785"}],"curies":[{"name":"wp","href":"https:\/\/api.w.org\/{rel}","templated":true}]}}