{"id":170801,"date":"2024-11-05T20:13:34","date_gmt":"2024-11-05T23:13:34","guid":{"rendered":"https:\/\/corrientesdetarde.com\/?p=170801"},"modified":"2024-11-05T20:24:19","modified_gmt":"2024-11-05T23:24:19","slug":"valdes-tras-el-encuentro-de-gobernadores-radicales-con-milei-fue-una-reunion-muy-buena","status":"publish","type":"post","link":"https:\/\/corrientesdetarde.com\/index.php\/politica\/valdes-tras-el-encuentro-de-gobernadores-radicales-con-milei-fue-una-reunion-muy-buena\/","title":{"rendered":"Vald\u00e9s tras el encuentro de gobernadores radicales con Milei: &#8220;Fue una reuni\u00f3n muy buena&#8221;"},"content":{"rendered":"\n<p><strong>Por Juan Pablo Peralta desde Casa Rosada<\/strong><\/p>\n\n\n\n<p>Los cinco gobernadores radicales se reunieron hoy con el presidente Javier Milei, con quien analizaron la situaci\u00f3n econ\u00f3mica y cuestiones de la cuentas p\u00fablicas de sus provincias, mientras manifestaron su desacuerdo con los dichos del mandatario sobre Ra\u00fal Alfons\u00edn, aunque evitaron entrar en discusiones y sostuvieron que se centraron en abordar &#8220;el futuro del pa\u00eds y no el pasado&#8221;.<br>Pasado el mediod\u00eda, cruzaron el Sal\u00f3n de los Bustos de Casa Rosada el gobernador Gustavo Vald\u00e9s, junto a sus pares Maximiliano Pullaro (Santa Fe), Carlos Sadir (Jujuy), , Alfredo Cornejo (Mendoza) y Leandro Zdero (Chaco).<br>&#8220;Hablamos del equilibrio fiscal, de la realidad de cada una de nuestras provincias, de motorizar la econom\u00eda para que el pa\u00eds salga adelante y de c\u00f3mo colaboramos para que la Argentina mueva su econom\u00eda, su producci\u00f3n&#8221;, remarc\u00f3 Vald\u00e9s tras la reuni\u00f3n con Milei en declaraciones a los periodistas acreditados en Casa Rosada.<br>Tambi\u00e9n habl\u00f3 de los lineamientos de la econom\u00eda general que necesita el pa\u00eds para salir adelante, adem\u00e1s de resaltar la &#8220;muy buena gesti\u00f3n de nuestras provincias radiales, pese a la herencia recibida&#8221;, expres\u00f3 entre otros conceptos.<\/p>\n\n\n\n<p><\/p>\n\n\n\n<figure class=\"wp-block-embed is-type-video is-provider-youtube wp-block-embed-youtube wp-embed-aspect-16-9 wp-has-aspect-ratio\"><div class=\"wp-block-embed__wrapper\">\n<iframe loading=\"lazy\" title=\"Vald\u00e9s en Casa Rosada: &quot;Vinimos a hablar de infraestructura y lo que el pa\u00eds necesita para crecer&quot;\" width=\"1110\" height=\"624\" src=\"https:\/\/www.youtube.com\/embed\/a48tOCAedCA?feature=oembed\" frameborder=\"0\" allow=\"accelerometer; autoplay; clipboard-write; encrypted-media; gyroscope; picture-in-picture; web-share\" referrerpolicy=\"strict-origin-when-cross-origin\" allowfullscreen><\/iframe>\n<\/div><\/figure>\n\n\n\n<figure class=\"wp-block-embed is-type-video is-provider-youtube wp-block-embed-youtube wp-embed-aspect-16-9 wp-has-aspect-ratio\"><div class=\"wp-block-embed__wrapper\">\n<iframe loading=\"lazy\" title=\"Vald\u00e9s tras la reuni\u00f3n con Milei: &quot;Vinimos a hablar del futuro y no del pasado&quot;\" width=\"1110\" height=\"624\" src=\"https:\/\/www.youtube.com\/embed\/eRgX88h2vNY?feature=oembed\" frameborder=\"0\" allow=\"accelerometer; autoplay; clipboard-write; encrypted-media; gyroscope; picture-in-picture; web-share\" referrerpolicy=\"strict-origin-when-cross-origin\" allowfullscreen><\/iframe>\n<\/div><\/figure>\n\n\n\n<figure class=\"wp-block-embed is-type-video is-provider-youtube wp-block-embed-youtube wp-embed-aspect-16-9 wp-has-aspect-ratio\"><div class=\"wp-block-embed__wrapper\">\n<iframe loading=\"lazy\" title=\"Vald\u00e9s tras el encuentro de gobernadores radicales con Milei: &quot;Fue una reuni\u00f3n muy buena&quot;\" width=\"1110\" height=\"624\" src=\"https:\/\/www.youtube.com\/embed\/Ki48K9ky3E4?feature=oembed\" frameborder=\"0\" allow=\"accelerometer; autoplay; clipboard-write; encrypted-media; gyroscope; picture-in-picture; web-share\" referrerpolicy=\"strict-origin-when-cross-origin\" allowfullscreen><\/iframe>\n<\/div><\/figure>\n","protected":false},"excerpt":{"rendered":"<p>Por Juan Pablo Peralta desde Casa Rosada Los cinco gobernadores radicales se reunieron hoy con el presidente Javier Milei, con quien analizaron la situaci\u00f3n econ\u00f3mica y cuestiones de la cuentas&hellip; <\/p>\n","protected":false},"author":11,"featured_media":170805,"comment_status":"closed","ping_status":"open","sticky":false,"template":"","format":"standard","meta":{"footnotes":""},"categories":[26,8,3],"tags":[904,2330,2331,336,1636],"class_list":["post-170801","post","type-post","status-publish","format-standard","has-post-thumbnail","hentry","category-destacados","category-locales","category-politica","tag-casa-rosada","tag-gobernadores-radicales","tag-gustavo-valdes","tag-milei","tag-reunion"],"_links":{"self":[{"href":"https:\/\/corrientesdetarde.com\/index.php\/wp-json\/wp\/v2\/posts\/170801","targetHints":{"allow":["GET"]}}],"collection":[{"href":"https:\/\/corrientesdetarde.com\/index.php\/wp-json\/wp\/v2\/posts"}],"about":[{"href":"https:\/\/corrientesdetarde.com\/index.php\/wp-json\/wp\/v2\/types\/post"}],"author":[{"embeddable":true,"href":"https:\/\/corrientesdetarde.com\/index.php\/wp-json\/wp\/v2\/users\/11"}],"replies":[{"embeddable":true,"href":"https:\/\/corrientesdetarde.com\/index.php\/wp-json\/wp\/v2\/comments?post=170801"}],"version-history":[{"count":3,"href":"https:\/\/corrientesdetarde.com\/index.php\/wp-json\/wp\/v2\/posts\/170801\/revisions"}],"predecessor-version":[{"id":170811,"href":"https:\/\/corrientesdetarde.com\/index.php\/wp-json\/wp\/v2\/posts\/170801\/revisions\/170811"}],"wp:featuredmedia":[{"embeddable":true,"href":"https:\/\/corrientesdetarde.com\/index.php\/wp-json\/wp\/v2\/media\/170805"}],"wp:attachment":[{"href":"https:\/\/corrientesdetarde.com\/index.php\/wp-json\/wp\/v2\/media?parent=170801"}],"wp:term":[{"taxonomy":"category","embeddable":true,"href":"https:\/\/corrientesdetarde.com\/index.php\/wp-json\/wp\/v2\/categories?post=170801"},{"taxonomy":"post_tag","embeddable":true,"href":"https:\/\/corrientesdetarde.com\/index.php\/wp-json\/wp\/v2\/tags?post=170801"}],"curies":[{"name":"wp","href":"https:\/\/api.w.org\/{rel}","templated":true}]}}