{"id":170807,"date":"2024-11-05T20:24:14","date_gmt":"2024-11-05T23:24:14","guid":{"rendered":"https:\/\/corrientesdetarde.com\/?p=170807"},"modified":"2024-11-05T20:58:23","modified_gmt":"2024-11-05T23:58:23","slug":"obra-de-teatro-piensa-en-mi-en-las-escalinatas-de-la-legislatura","status":"publish","type":"post","link":"https:\/\/corrientesdetarde.com\/index.php\/eventossociedad\/obra-de-teatro-piensa-en-mi-en-las-escalinatas-de-la-legislatura\/","title":{"rendered":"Obra de teatro &#8220;Piensa en Mi&#8221; en las escalinatas de la Legislatura"},"content":{"rendered":"\n<p>Este jueves 7 de noviembre a las 20:30 horas, se presentar\u00e1 la obra de teatro &#8220;Piensa en Mi&#8221;, una creaci\u00f3n del talentoso autor Rafael Bruza, bajo la direcci\u00f3n de Mauro Santamar\u00eda. El evento ser\u00e1 en las escalinatas de la Legislatura (Salta 545).<\/p>\n\n\n\n<p>La propuesta cultural cuenta con auspicio de la Vicegobernaci\u00f3n de Corrientes y el Instituto de Cultura.<\/p>\n\n\n\n<p>Denominada por su autor como una &#8220;comedia seria&#8221;, esta producci\u00f3n promete ofrecer una experiencia \u00fanica al p\u00fablico.<\/p>\n\n\n\n<p>El elenco que actuar\u00e1 ser\u00e1 &#8220;Los Gladiolos&#8221; que promete a los espectadores una fusi\u00f3n de mon\u00f3logos y boleros que brindar\u00e1n una propuesta teatral excepcional en un escenario emblem\u00e1tico como las escalinatas de la legislatura.<\/p>\n\n\n\n<p>La historia gira en torno a H\u00e9ctor, un integrante de un tr\u00edo musical, quien comparte su relato atravesado por desenga\u00f1os amorosos y la a\u00f1oranza de urgentes reencuentros, todo ello ambientado por los m\u00e1s lindos boleros que hayamos escuchado jam\u00e1s.<\/p>\n\n\n\n<p><em>Elenco:<\/em><\/p>\n\n\n\n<ul class=\"wp-block-list\">\n<li>H\u00e9ctor: Edu Morales<\/li>\n\n\n\n<li>Vitalino: Fer Gualini<\/li>\n\n\n\n<li>Tarta: Nico M\u00e9ndez Ayala<\/li>\n<\/ul>\n\n\n\n<p><em>T\u00e9cnico:<\/em> Andr\u00e9s Ver\u00f3n<br><em>Direcci\u00f3n:<\/em> Mauro Santamar\u00eda<br><em>Entrada Gratuita<\/em><br><em>Fecha:<\/em> Jueves 7 de noviembre<br><em>Hora:<\/em> 20:30 hs.<\/p>\n\n\n\n<p><\/p>\n\n\n\n<figure class=\"wp-block-image size-full\"><img loading=\"lazy\" decoding=\"async\" width=\"916\" height=\"912\" src=\"https:\/\/corrientesdetarde.com\/wp-content\/uploads\/2024\/11\/Captura-de-pantalla-2024-11-05-202139.png\" alt=\"\" class=\"wp-image-170808\" srcset=\"https:\/\/corrientesdetarde.com\/wp-content\/uploads\/2024\/11\/Captura-de-pantalla-2024-11-05-202139.png 916w, https:\/\/corrientesdetarde.com\/wp-content\/uploads\/2024\/11\/Captura-de-pantalla-2024-11-05-202139-300x300.png 300w, https:\/\/corrientesdetarde.com\/wp-content\/uploads\/2024\/11\/Captura-de-pantalla-2024-11-05-202139-150x150.png 150w, https:\/\/corrientesdetarde.com\/wp-content\/uploads\/2024\/11\/Captura-de-pantalla-2024-11-05-202139-768x765.png 768w\" sizes=\"auto, (max-width: 916px) 100vw, 916px\" \/><\/figure>\n\n\n\n<p><\/p>\n","protected":false},"excerpt":{"rendered":"<p>Este jueves 7 de noviembre a las 20:30 horas, se presentar\u00e1 la obra de teatro &#8220;Piensa en Mi&#8221;, una creaci\u00f3n del talentoso autor Rafael Bruza, bajo la direcci\u00f3n de Mauro&hellip; <\/p>\n","protected":false},"author":4,"featured_media":170813,"comment_status":"closed","ping_status":"open","sticky":false,"template":"","format":"standard","meta":{"footnotes":""},"categories":[1208],"tags":[],"class_list":["post-170807","post","type-post","status-publish","format-standard","has-post-thumbnail","hentry","category-eventossociedad"],"_links":{"self":[{"href":"https:\/\/corrientesdetarde.com\/index.php\/wp-json\/wp\/v2\/posts\/170807","targetHints":{"allow":["GET"]}}],"collection":[{"href":"https:\/\/corrientesdetarde.com\/index.php\/wp-json\/wp\/v2\/posts"}],"about":[{"href":"https:\/\/corrientesdetarde.com\/index.php\/wp-json\/wp\/v2\/types\/post"}],"author":[{"embeddable":true,"href":"https:\/\/corrientesdetarde.com\/index.php\/wp-json\/wp\/v2\/users\/4"}],"replies":[{"embeddable":true,"href":"https:\/\/corrientesdetarde.com\/index.php\/wp-json\/wp\/v2\/comments?post=170807"}],"version-history":[{"count":2,"href":"https:\/\/corrientesdetarde.com\/index.php\/wp-json\/wp\/v2\/posts\/170807\/revisions"}],"predecessor-version":[{"id":170814,"href":"https:\/\/corrientesdetarde.com\/index.php\/wp-json\/wp\/v2\/posts\/170807\/revisions\/170814"}],"wp:featuredmedia":[{"embeddable":true,"href":"https:\/\/corrientesdetarde.com\/index.php\/wp-json\/wp\/v2\/media\/170813"}],"wp:attachment":[{"href":"https:\/\/corrientesdetarde.com\/index.php\/wp-json\/wp\/v2\/media?parent=170807"}],"wp:term":[{"taxonomy":"category","embeddable":true,"href":"https:\/\/corrientesdetarde.com\/index.php\/wp-json\/wp\/v2\/categories?post=170807"},{"taxonomy":"post_tag","embeddable":true,"href":"https:\/\/corrientesdetarde.com\/index.php\/wp-json\/wp\/v2\/tags?post=170807"}],"curies":[{"name":"wp","href":"https:\/\/api.w.org\/{rel}","templated":true}]}}