{"id":170817,"date":"2024-11-05T23:24:17","date_gmt":"2024-11-06T02:24:17","guid":{"rendered":"https:\/\/corrientesdetarde.com\/?p=170817"},"modified":"2024-11-05T23:24:22","modified_gmt":"2024-11-06T02:24:22","slug":"valdes-junto-a-sus-pares-de-la-ucr-se-reunio-con-milei-trabajamos-por-el-futuro","status":"publish","type":"post","link":"https:\/\/corrientesdetarde.com\/index.php\/actualidad\/valdes-junto-a-sus-pares-de-la-ucr-se-reunio-con-milei-trabajamos-por-el-futuro\/","title":{"rendered":"Vald\u00e9s junto a sus pares de la UCR se reuni\u00f3 con Milei: \u201cTrabajamos por el futuro\u201d"},"content":{"rendered":"\n<p>El gobernador de Corrientes, Gustavo Vald\u00e9s se reuni\u00f3 este martes con el presidente de la Naci\u00f3n, Javier Milei, destacando que en el encuentro \u201ctrabajamos por el futuro\u201d al referirse a temas de &#8220;econom\u00eda y desarrollo&#8221;. Fue un almuerzo en el que el jefe de Estado recibi\u00f3 a los mandatarios provinciales de la UCR para abordar asuntos nacionales y de sus respectivos distritos. Es as\u00ed que en el Sal\u00f3n de los Cient\u00edficos de la Casa Rosada tambi\u00e9n fueron parte del convite:&nbsp;Alfredo Cornejo (Mendoza), Maximiliano Pullaro (Santa Fe), Carlos Sadir (Jujuy), y Leandro Zdero (Chaco).<\/p>\n\n\n\n<p>\u201cReunido con el Presidente y Gobernadores de la UCR, hablamos sobre la econom\u00eda y el desarrollo del pa\u00eds. Tambi\u00e9n abordamos el proyecto de presupuesto, la situaci\u00f3n de las cajas previsionales y los bienes inmuebles que la Naci\u00f3n posee en cada provincia. Trabajamos por el futuro.\u201d, comunic\u00f3 Vald\u00e9s desde sus redes sociales, al respecto.<\/p>\n\n\n\n<p>La reuni\u00f3n comenz\u00f3 a las 13,30 y dur\u00f3 dos horas. Tambi\u00e9n participaron el jefe de Gabinete, Guillermo Francos, la secretaria general de la Presidencia, Karina Milei y el Vicejefe de Gabinete del Interior, Lisandro Catal\u00e1n.<\/p>\n","protected":false},"excerpt":{"rendered":"<p>El gobernador de Corrientes, Gustavo Vald\u00e9s se reuni\u00f3 este martes con el presidente de la Naci\u00f3n, Javier Milei, destacando que en el encuentro \u201ctrabajamos por el futuro\u201d al referirse a&hellip; <\/p>\n","protected":false},"author":4,"featured_media":170869,"comment_status":"closed","ping_status":"open","sticky":false,"template":"","format":"standard","meta":{"footnotes":""},"categories":[23],"tags":[],"class_list":["post-170817","post","type-post","status-publish","format-standard","has-post-thumbnail","hentry","category-actualidad"],"_links":{"self":[{"href":"https:\/\/corrientesdetarde.com\/index.php\/wp-json\/wp\/v2\/posts\/170817","targetHints":{"allow":["GET"]}}],"collection":[{"href":"https:\/\/corrientesdetarde.com\/index.php\/wp-json\/wp\/v2\/posts"}],"about":[{"href":"https:\/\/corrientesdetarde.com\/index.php\/wp-json\/wp\/v2\/types\/post"}],"author":[{"embeddable":true,"href":"https:\/\/corrientesdetarde.com\/index.php\/wp-json\/wp\/v2\/users\/4"}],"replies":[{"embeddable":true,"href":"https:\/\/corrientesdetarde.com\/index.php\/wp-json\/wp\/v2\/comments?post=170817"}],"version-history":[{"count":1,"href":"https:\/\/corrientesdetarde.com\/index.php\/wp-json\/wp\/v2\/posts\/170817\/revisions"}],"predecessor-version":[{"id":170870,"href":"https:\/\/corrientesdetarde.com\/index.php\/wp-json\/wp\/v2\/posts\/170817\/revisions\/170870"}],"wp:featuredmedia":[{"embeddable":true,"href":"https:\/\/corrientesdetarde.com\/index.php\/wp-json\/wp\/v2\/media\/170869"}],"wp:attachment":[{"href":"https:\/\/corrientesdetarde.com\/index.php\/wp-json\/wp\/v2\/media?parent=170817"}],"wp:term":[{"taxonomy":"category","embeddable":true,"href":"https:\/\/corrientesdetarde.com\/index.php\/wp-json\/wp\/v2\/categories?post=170817"},{"taxonomy":"post_tag","embeddable":true,"href":"https:\/\/corrientesdetarde.com\/index.php\/wp-json\/wp\/v2\/tags?post=170817"}],"curies":[{"name":"wp","href":"https:\/\/api.w.org\/{rel}","templated":true}]}}