{"id":170820,"date":"2024-11-05T20:30:52","date_gmt":"2024-11-05T23:30:52","guid":{"rendered":"https:\/\/corrientesdetarde.com\/?p=170820"},"modified":"2024-11-05T20:31:04","modified_gmt":"2024-11-05T23:31:04","slug":"caa-cati-vivira-una-nueva-edicion-de-la-fiesta-provincial-del-bufalo","status":"publish","type":"post","link":"https:\/\/corrientesdetarde.com\/index.php\/locales\/caa-cati-vivira-una-nueva-edicion-de-la-fiesta-provincial-del-bufalo\/","title":{"rendered":"Ca\u00e1 Cat\u00ed vivir\u00e1 una nueva edici\u00f3n de la Fiesta Provincial del B\u00fafalo"},"content":{"rendered":"\n<p>La Casa Iber\u00e1 en la Capital correntina fue el escenario ideal para el lanzamiento oficial de la 8\u00b0 Edici\u00f3n de la Fiesta Provincial del B\u00fafalo que se llevar\u00e1 a cabo el pr\u00f3ximo jueves 7 y viernes 8 de noviembre en el predio de la Sociedad Rural de General Paz.&nbsp;<\/p>\n\n\n\n<p>La Capital Provincial del B\u00fafalo, la ciudad de Ca\u00e1 Cat\u00ed tendr\u00e1 dos jornadas con una intensa actividad productiva y cultural, sintetizada en el remate de m\u00e1s de 1500 cabezas, y en la destacada actuaci\u00f3n en vivo, de Iv\u00e1n Ruiz en el festival folcl\u00f3rico de entrada libre y gratuita.<\/p>\n\n\n\n<p>Estuvieron acompa\u00f1ando este lanzamiento la ministra de Turismo Alejandra Eliciri, el intendente de Ca\u00e1 Cat\u00ed Jorge Meza y el secretario de la Asociaci\u00f3n Argentina de Criadores de B\u00fafalos, entre otros miembros de la organizaci\u00f3n de este evento.<\/p>\n\n\n\n<p>En tanto que tambi\u00e9n acompa\u00f1aron los subsecretarios de Turismo Carlos Gatti y el de Promoci\u00f3n e Inversiones Tur\u00edsticas Augusto Costaguta, la secretaria de Turismo local J\u00e9sica Sonza y la actual representante de la Fiesta Provincial del B\u00fafalo Luzmila Peralta. Durante la conferencia de prensa se present\u00f3 el spot oficial, y la grilla de actividades productivas y culturales. Mientras que al hacer uso de la palabra el jefe comunal se\u00f1al\u00f3: &#8220;cada a\u00f1o estamos m\u00e1s conforme con el crecimiento de este evento que combina el trabajo productivo con el cultural y tur\u00edstico. Porque al crecer de manera exponencial la cr\u00eda b\u00fafalos en nuestra regi\u00f3n, el sector productivo se ve fortalecido. Y, por otra parte, la instalaci\u00f3n cada vez m\u00e1s notable del consumo de esta carne y sus derivados, y la relaci\u00f3n directa de ello con nuestra localidad fortalece nuestra presencia a nivel regional, provincial y nacional. De hecho, ya hay presentado en la C\u00e1mara de Diputados de la Naci\u00f3n, un proyecto para convertirla en fiesta nacional&#8221;.<\/p>\n\n\n\n<p>Por su parte, la ministra Eliciri ratific\u00f3 el compromiso del Gobierno provincial con cada uno de los eventos que se desarrollan en Corrientes. La Fiesta del B\u00fafalo origina un gran desplazamiento, tanto de productores como de p\u00fablico en general, y eso genera movimiento econ\u00f3mico para la localidad. &#8220;Asimismo resulta un espacio propicio para la promoci\u00f3n de otros atractivos de Corrientes&#8221;, dijo la funcionaria. &nbsp;<\/p>\n\n\n\n<p>Programa<\/p>\n\n\n\n<p>Tras el lanzamiento qued\u00f3 establecido el cronograma de actividades iniciando el jueves 7 de noviembre, desde a las 8 horas con el ingreso de haciendas y la admisi\u00f3n por parte de la AACB. A las 15, comenzar\u00e1n las charlas de capacitaci\u00f3n, en tanto que a las 18.30 est\u00e1 prevista una recorrida por los stands tem\u00e1ticos, y a las 21 la apertura del patio gastron\u00f3mico.<\/p>\n\n\n\n<p>Por otra parte, el viernes 8 de noviembre la muestra comenzar\u00e1 a las 9 con el ciclo de charlas t\u00e9cnicas destinadas al sector productor bufalino. Mientras que para el mediod\u00eda est\u00e1 previsto el acto inaugural con palabras de las autoridades provinciales y locales. Seguidamente, habr\u00e1 almuerzo, y degustaci\u00f3n de productos bufalinos. En la siesta ser\u00e1 momento del gran remate de m\u00e1s de 1500 cabezas a martillo corrido.<\/p>\n\n\n\n<p>Finalmente, desde las 21 horas, como cierre de esta gran fiesta productiva-cultural, se llevar\u00e1 a cabo el festival folcl\u00f3rico de acceso libre y gratuito, donde se elegir\u00e1 a la representante de la 8va. Fiesta Provincial del B\u00fafalo, y actuar\u00e1n los siguientes grupos musicales: Tradicional 6, el Ballet Municipal &#8220;Ra\u00edces Vivas&#8221;, &#8220;Chaque tu Suela&#8221;, &#8220;Iv\u00e1n Ruiz&#8221;, &#8220;Emiliano Cardozo y Los Cardocitos&#8221; y &#8220;Javier Solis&#8221;.<\/p>\n\n\n\n<p>&#8220;Expo Ca\u00e1 Cat\u00ed 2024&#8221;<\/p>\n\n\n\n<p>Cada a\u00f1o esta festividad productiva-cultural no solo se consolida, sino que tambi\u00e9n se ampl\u00eda y mejora. Tradicionalmente, se hac\u00eda en un solo d\u00eda todas las actividades, esta edici\u00f3n sum\u00f3 una jornada m\u00e1s al evento para poder ampliar la oferta de capacitaciones y charlas del sector bufalino agrupadas en la denominada Expo Ca\u00e1 Cat\u00ed 2024.<\/p>\n\n\n\n<p>Esta Expo Ca\u00e1 Cat\u00ed 2024 adem\u00e1s de stand tem\u00e1ticos tendr\u00e1: el jueves 7 de noviembre a las 14.30 la Jornada CREA &#8220;Estancia San Antonio&#8221;. Mientras que el viernes 8 de noviembre iniciar\u00e1 a las 9 con la charla &#8220;An\u00e1lisis Sectorial del B\u00fafalo en Argentina a\u00f1o 2024&#8221; de Enrique Torres de Mignaquy Bufalero SAGyP. A las 9.30 se desarrollar\u00e1 la exposici\u00f3n &#8220;Producci\u00f3n bubalina en Corrientes&#8221; de la Dra. MV Irina Mart\u00ednez EEA INTA Corrientes. A las 9.45 se hablar\u00e1 de &#8220;Estrategias de mejoramiento gen\u00e9tico en rodeos bubalinos&#8221; por el Dr. MV Jos\u00e9 Luis Konrad de FCV-UNNE.<\/p>\n\n\n\n<p>Finalmente, a las 10.15 el tema de la charla ser\u00e1 &#8220;Resultados de IATF en b\u00fafalas de Paraguay&#8221; del MV Paolo Osnaghi &#8211; APACRIBU. El cierre ser\u00e1 con ronda de preguntas.<\/p>\n","protected":false},"excerpt":{"rendered":"<p>La Casa Iber\u00e1 en la Capital correntina fue el escenario ideal para el lanzamiento oficial de la 8\u00b0 Edici\u00f3n de la Fiesta Provincial del B\u00fafalo que se llevar\u00e1 a cabo&hellip; <\/p>\n","protected":false},"author":4,"featured_media":170821,"comment_status":"closed","ping_status":"open","sticky":false,"template":"","format":"standard","meta":{"footnotes":""},"categories":[8],"tags":[],"class_list":["post-170820","post","type-post","status-publish","format-standard","has-post-thumbnail","hentry","category-locales"],"_links":{"self":[{"href":"https:\/\/corrientesdetarde.com\/index.php\/wp-json\/wp\/v2\/posts\/170820","targetHints":{"allow":["GET"]}}],"collection":[{"href":"https:\/\/corrientesdetarde.com\/index.php\/wp-json\/wp\/v2\/posts"}],"about":[{"href":"https:\/\/corrientesdetarde.com\/index.php\/wp-json\/wp\/v2\/types\/post"}],"author":[{"embeddable":true,"href":"https:\/\/corrientesdetarde.com\/index.php\/wp-json\/wp\/v2\/users\/4"}],"replies":[{"embeddable":true,"href":"https:\/\/corrientesdetarde.com\/index.php\/wp-json\/wp\/v2\/comments?post=170820"}],"version-history":[{"count":1,"href":"https:\/\/corrientesdetarde.com\/index.php\/wp-json\/wp\/v2\/posts\/170820\/revisions"}],"predecessor-version":[{"id":170822,"href":"https:\/\/corrientesdetarde.com\/index.php\/wp-json\/wp\/v2\/posts\/170820\/revisions\/170822"}],"wp:featuredmedia":[{"embeddable":true,"href":"https:\/\/corrientesdetarde.com\/index.php\/wp-json\/wp\/v2\/media\/170821"}],"wp:attachment":[{"href":"https:\/\/corrientesdetarde.com\/index.php\/wp-json\/wp\/v2\/media?parent=170820"}],"wp:term":[{"taxonomy":"category","embeddable":true,"href":"https:\/\/corrientesdetarde.com\/index.php\/wp-json\/wp\/v2\/categories?post=170820"},{"taxonomy":"post_tag","embeddable":true,"href":"https:\/\/corrientesdetarde.com\/index.php\/wp-json\/wp\/v2\/tags?post=170820"}],"curies":[{"name":"wp","href":"https:\/\/api.w.org\/{rel}","templated":true}]}}