{"id":170826,"date":"2024-11-05T20:37:30","date_gmt":"2024-11-05T23:37:30","guid":{"rendered":"https:\/\/corrientesdetarde.com\/?p=170826"},"modified":"2024-11-05T20:39:24","modified_gmt":"2024-11-05T23:39:24","slug":"alivio-en-corrientes-aparecio-sheila-la-nina-que-era-intensamente-buscada-desde-el-domingo","status":"publish","type":"post","link":"https:\/\/corrientesdetarde.com\/index.php\/policiales\/alivio-en-corrientes-aparecio-sheila-la-nina-que-era-intensamente-buscada-desde-el-domingo\/","title":{"rendered":"Alivio en Corrientes: apareci\u00f3 Sheila, la ni\u00f1a que era intensamente buscada desde el domingo"},"content":{"rendered":"\n<p>La ni\u00f1a de 13 a\u00f1os fue encontrada viva en la casa de su abuela. Se investigar\u00e1n los pormenores del caso y su estado de salud.<\/p>\n\n\n\n<p>Luego de 2 d\u00edas de desesperada b\u00fasqueda encontraron a Sheila Garay. La menor apareci\u00f3 en la casa de su abuela.<\/p>\n\n\n\n<p>La ni\u00f1a de 13 a\u00f1os era intensamente buscada desde el domingo. Una se\u00f1ora la encontr\u00f3 en la calle y la llev\u00f3 hasta sus familiares.<\/p>\n\n\n\n<p>&#8220;Estoy re feliz, hace un ratito lleg\u00f3 a casa. Lleg\u00f3 una se\u00f1ora en un auto y me dijo \u2018la tengo a Sheila\u2019, dijo que la encontr\u00f3 en la calle y la trajo. La conozco de vista a la se\u00f1ora, del pueblo, pero nunca tuve trato con ella&#8221;, cont\u00f3 emocionada la abuela de la chica, tras el reencuentro.<\/p>\n\n\n\n<p>Sobre el estado de la menor, la abuela dijo que la vio deca\u00edda. Actualmente la adolescente est\u00e1 con las autoridades, siguiendo con los tr\u00e1mites del caso.<\/p>\n","protected":false},"excerpt":{"rendered":"<p>La ni\u00f1a de 13 a\u00f1os fue encontrada viva en la casa de su abuela. Se investigar\u00e1n los pormenores del caso y su estado de salud. Luego de 2 d\u00edas de&hellip; <\/p>\n","protected":false},"author":4,"featured_media":170827,"comment_status":"closed","ping_status":"open","sticky":false,"template":"","format":"standard","meta":{"footnotes":""},"categories":[33],"tags":[],"class_list":["post-170826","post","type-post","status-publish","format-standard","has-post-thumbnail","hentry","category-policiales"],"_links":{"self":[{"href":"https:\/\/corrientesdetarde.com\/index.php\/wp-json\/wp\/v2\/posts\/170826","targetHints":{"allow":["GET"]}}],"collection":[{"href":"https:\/\/corrientesdetarde.com\/index.php\/wp-json\/wp\/v2\/posts"}],"about":[{"href":"https:\/\/corrientesdetarde.com\/index.php\/wp-json\/wp\/v2\/types\/post"}],"author":[{"embeddable":true,"href":"https:\/\/corrientesdetarde.com\/index.php\/wp-json\/wp\/v2\/users\/4"}],"replies":[{"embeddable":true,"href":"https:\/\/corrientesdetarde.com\/index.php\/wp-json\/wp\/v2\/comments?post=170826"}],"version-history":[{"count":2,"href":"https:\/\/corrientesdetarde.com\/index.php\/wp-json\/wp\/v2\/posts\/170826\/revisions"}],"predecessor-version":[{"id":170830,"href":"https:\/\/corrientesdetarde.com\/index.php\/wp-json\/wp\/v2\/posts\/170826\/revisions\/170830"}],"wp:featuredmedia":[{"embeddable":true,"href":"https:\/\/corrientesdetarde.com\/index.php\/wp-json\/wp\/v2\/media\/170827"}],"wp:attachment":[{"href":"https:\/\/corrientesdetarde.com\/index.php\/wp-json\/wp\/v2\/media?parent=170826"}],"wp:term":[{"taxonomy":"category","embeddable":true,"href":"https:\/\/corrientesdetarde.com\/index.php\/wp-json\/wp\/v2\/categories?post=170826"},{"taxonomy":"post_tag","embeddable":true,"href":"https:\/\/corrientesdetarde.com\/index.php\/wp-json\/wp\/v2\/tags?post=170826"}],"curies":[{"name":"wp","href":"https:\/\/api.w.org\/{rel}","templated":true}]}}