{"id":170834,"date":"2024-11-05T21:44:23","date_gmt":"2024-11-06T00:44:23","guid":{"rendered":"https:\/\/corrientesdetarde.com\/?p=170834"},"modified":"2024-11-05T21:44:35","modified_gmt":"2024-11-06T00:44:35","slug":"la-justicia-argentina-pidio-que-interpol-emita-alertas-rojas-contra-maduro-y-otros-funcionarios-venezolanos","status":"publish","type":"post","link":"https:\/\/corrientesdetarde.com\/index.php\/politica\/la-justicia-argentina-pidio-que-interpol-emita-alertas-rojas-contra-maduro-y-otros-funcionarios-venezolanos\/","title":{"rendered":"La Justicia argentina pidi\u00f3 que Interpol emita alertas rojas contra Maduro y otros funcionarios venezolanos"},"content":{"rendered":"\n<p>La medida alcanza tambi\u00e9n a Diosdado Cabello.<\/p>\n\n\n\n<p>El juez federal Sebasti\u00e1n Ramos curs\u00f3 hoy el pedido para que Interpol emita circulares de alerta roja contra el presidente de Venezuela, Nicol\u00e1s Maduro; Diosdado Cabello y otros funcionarios de ese pa\u00eds con pedido de captura internacional por parte de Argentina.<\/p>\n\n\n\n<p>Se trata de la causa que investiga en este pa\u00eds violaciones a los derechos humanos en Venezuela en base al principio de justicia universal, informaron fuentes judiciales a la Agencia Noticias Argentinas.<\/p>\n","protected":false},"excerpt":{"rendered":"<p>La medida alcanza tambi\u00e9n a Diosdado Cabello. El juez federal Sebasti\u00e1n Ramos curs\u00f3 hoy el pedido para que Interpol emita circulares de alerta roja contra el presidente de Venezuela, Nicol\u00e1s&hellip; <\/p>\n","protected":false},"author":4,"featured_media":170835,"comment_status":"closed","ping_status":"open","sticky":false,"template":"","format":"standard","meta":{"footnotes":""},"categories":[3],"tags":[],"class_list":["post-170834","post","type-post","status-publish","format-standard","has-post-thumbnail","hentry","category-politica"],"_links":{"self":[{"href":"https:\/\/corrientesdetarde.com\/index.php\/wp-json\/wp\/v2\/posts\/170834","targetHints":{"allow":["GET"]}}],"collection":[{"href":"https:\/\/corrientesdetarde.com\/index.php\/wp-json\/wp\/v2\/posts"}],"about":[{"href":"https:\/\/corrientesdetarde.com\/index.php\/wp-json\/wp\/v2\/types\/post"}],"author":[{"embeddable":true,"href":"https:\/\/corrientesdetarde.com\/index.php\/wp-json\/wp\/v2\/users\/4"}],"replies":[{"embeddable":true,"href":"https:\/\/corrientesdetarde.com\/index.php\/wp-json\/wp\/v2\/comments?post=170834"}],"version-history":[{"count":1,"href":"https:\/\/corrientesdetarde.com\/index.php\/wp-json\/wp\/v2\/posts\/170834\/revisions"}],"predecessor-version":[{"id":170836,"href":"https:\/\/corrientesdetarde.com\/index.php\/wp-json\/wp\/v2\/posts\/170834\/revisions\/170836"}],"wp:featuredmedia":[{"embeddable":true,"href":"https:\/\/corrientesdetarde.com\/index.php\/wp-json\/wp\/v2\/media\/170835"}],"wp:attachment":[{"href":"https:\/\/corrientesdetarde.com\/index.php\/wp-json\/wp\/v2\/media?parent=170834"}],"wp:term":[{"taxonomy":"category","embeddable":true,"href":"https:\/\/corrientesdetarde.com\/index.php\/wp-json\/wp\/v2\/categories?post=170834"},{"taxonomy":"post_tag","embeddable":true,"href":"https:\/\/corrientesdetarde.com\/index.php\/wp-json\/wp\/v2\/tags?post=170834"}],"curies":[{"name":"wp","href":"https:\/\/api.w.org\/{rel}","templated":true}]}}