{"id":170837,"date":"2024-11-05T21:47:29","date_gmt":"2024-11-06T00:47:29","guid":{"rendered":"https:\/\/corrientesdetarde.com\/?p=170837"},"modified":"2024-11-05T21:53:42","modified_gmt":"2024-11-06T00:53:42","slug":"tras-el-dictamen-diputados-podra-sancionar-este-mes-un-proyecto-para-tipificar-el-acoso-sexual-en-el-ambito-laboral","status":"publish","type":"post","link":"https:\/\/corrientesdetarde.com\/index.php\/politica\/tras-el-dictamen-diputados-podra-sancionar-este-mes-un-proyecto-para-tipificar-el-acoso-sexual-en-el-ambito-laboral\/","title":{"rendered":"Tras el dictamen, Diputados podr\u00e1 sancionar este mes un proyecto para tipificar el acoso sexual en el \u00e1mbito laboral"},"content":{"rendered":"\n<p>El proyecto presentado por M\u00f3nica Macha y respaldado por legisladores de diferente extracci\u00f3n pol\u00edtica, surgi\u00f3 luego de las denuncias de 19 mujeres contra el periodista Pedro Brieger.<\/p>\n\n\n\n<p>La C\u00e1mara de Diputados podr\u00e1 tratar este mes el proyecto de ley&nbsp;<strong>para tipificar el acoso sexual&nbsp;en el \u00e1mbito laboral y acad\u00e9mico<\/strong>, tras obtener hoy dictamen de comisi\u00f3n con un amplio respaldo de todos los partidos opositores.<br>La decisi\u00f3n se adopt\u00f3 en un plenario de las comisiones de Mujeres y Diversidades y de Legislaci\u00f3n del Trabajo-que presiden&nbsp;<strong>M\u00f3nica&nbsp;Macha (UP) y Mart\u00edn Tetaz (UCR)<\/strong>, que cont\u00f3 con la participaci\u00f3n de representantes del colectivo feminista&nbsp;<strong>Periodistas Argentinas<\/strong>.<br>El proyecto presentado por M\u00f3nica Macha (UP) y respaldado por legisladores de diferente extracci\u00f3n pol\u00edtica, surgi\u00f3 luego de las&nbsp;denuncias de 19 mujeres, entre ellas la periodista<strong>&nbsp;Agustina Kamper<\/strong>, contra el periodista&nbsp;<strong>Pedro Brieger.<\/strong><br>La reuni\u00f3n cont\u00f3 con la asistencia de Kamper, la primera que denunci\u00f3 en el 2010 a Brieger, y Nancy Pazos.<br>El dictamen emitido hoy en el plenario de comisiones cosech\u00f3 34 firmas que fueron aportadas por UP, PRO, la UCR, Encuentro Federal&nbsp;y la izquierda, en un encuentro donde se ausent\u00f3 la Libertad Avanza.<\/p>\n\n\n\n<p><strong>Ahora los legisladores opositores aspiran a incluir en la primera sesi\u00f3n esta iniciativa, que tiene una mayor\u00eda de votos asegurada,&nbsp;informaron fuentes parlamentarias<\/strong>.<br>El proyecto apunta a reformar la ley de Protecci\u00f3n Integral para Prevenir, Sancionar y Erradicar la Violencia Contra las Mujeres&nbsp;para tipificar el acoso sexual en los \u00e1mbitos laboral y acad\u00e9mico.<br>Se\u00f1ala que la violencia y acoso sexual consiste en la &#8220;conducta o comportamiento verbal, no verbal, f\u00edsico y psicol\u00f3gico,&nbsp;efectuado por cualquier medio, de \u00edndole sexual y no consentido, con el prop\u00f3sito de atentar contra la dignidad de la mujer,&nbsp;<br>generando sobre la misma un entorno intimidatorio, hostil, degradante, humillante y\/u ofensivo&#8221;.<br>Macha dijo a Noticias Argentinas luego de la reuni\u00f3n de comisiones que el dictamen &#8220;<strong>es un logro enorme porque de alg\u00fan&nbsp;modo sintetiza lo que es la demanda del colectivo Periodistas Argentinas&#8221;.<\/strong><br>Record\u00f3 que esas periodistas &#8220;tuvieron la valent\u00eda tambi\u00e9n de plantear qu\u00e9 cosas hab\u00edan sufrido y c\u00f3mo revertirlo, o sea desde&nbsp;una l\u00f3gica de una justicia, una pol\u00edtica restaurativa, entonces me parece que en ese punto logramos este dictamen que abre tambi\u00e9n&nbsp;<br>posibilidades para otras mujeres contar con esa figura del acoso &nbsp;sexual en el \u00e1mbito laboral y acad\u00e9mico&#8221;.<br>&nbsp;Dijo que &#8220;tenemos una sociedad todav\u00eda muy atravesada por la violencia, por motivos de g\u00e9nero y especialmente por la violencia&nbsp;sexual. Entonces bueno, estos son, digamos de alg\u00fan modo, logros, indicios para poder fortalecer o profundizar los cambios que&nbsp;<br>necesitamos&#8221;.<br>&nbsp;Destac\u00f3 que el dictamen tuvo el respaldo de todos los bloques &#8220;con excepci\u00f3n de la libertad de avanza, y eso es tambi\u00e9n una&nbsp;buena instancia en t\u00e9rminos de trabajo legislativo y de trabajo pol\u00edtico&#8221;.<br>&nbsp;A lo largo de la reuni\u00f3n, la diputada&nbsp;<strong>Silvana Guidici<\/strong>&nbsp;(PRO), &nbsp;se\u00f1al\u00f3 que &#8220;fue un a\u00f1o dif\u00edcil en el Parlamento y sin embargo aqu\u00ed&nbsp;logramos consensuar una medida muy importante para la protecci\u00f3n de los derechos de las mujeres&#8221;, pero reclam\u00f3 &#8220;seguir por este&nbsp;<br>camino, pero sin hipocres\u00eda&#8221;.&nbsp;<br>&nbsp;&#8220;Todav\u00eda nos falta mucho por avanzar y a m\u00ed me gustar\u00eda que con la misma contundencia tambi\u00e9n podamos abordar otros temas que&nbsp;tienen a protagonistas como mujeres que han sido violentadas&#8221;, agreg\u00f3.<br>&nbsp;Tambi\u00e9n record\u00f3 que el PRO present\u00f3 un proyecto para que no tenga su jubilaci\u00f3n de privilegio&nbsp;<strong>el ex presidente Alberto&nbsp;Fern\u00e1ndez, quien es &#8220;un golpeador que va a ser procesado&nbsp;pr\u00f3ximamente&#8221;.<\/strong><br>&nbsp;Desde la UCR, la diputada Natalia Sarapura se\u00f1al\u00f3 que esta iniciativa &#8220;es un paso significativo para la desnaturalizaci\u00f3n y&nbsp;de la lucha que venimos llevando adelante las mujeres, donde hay acciones, s\u00edmbolos, actitudes y pr\u00e1cticas que&nbsp;ponen en riesgo no solo nuestra integridad, sino que generan e institucionalizan la violencia&#8221;.<br>&nbsp;A su vez, el diputado de Encuentro Federal, Esteban Paul\u00f3n, destac\u00f3 que &#8220;este acuerdo pluripartidario que se antepone a&nbsp;cualquier inter\u00e9s sectorial, que es el inter\u00e9s de poder avanzar en seguir garantizando derechos, creo que son buenas se\u00f1ales y que&nbsp;<br>habla de lo importante que es mantener con buena salud nuestra &nbsp;democracia en Argentina&#8221;.&nbsp;<br>Adem\u00e1s de Macha firmaron el proyecto las diputadas del PRO Silvana Guidici, Mar\u00eda Sotolano, Nancy Ballejos, Silvia Lospennato&nbsp;y Sofia Brambilla; de Encuentro Federal Esteban Paul\u00f3n; de Democracia para Siempre Carla Carrizo, de la izquierda Vanina&nbsp;<br>Biasi y de la Coalici\u00f3n C\u00edvica, Maximiliano Ferraro.<br>&nbsp; Lo hicieron tambi\u00e9n las legisladoras de UP Paula Penacca, Brenda Vargas Matyi, Gabriela Est\u00e9vez y Carolina Gaillard.<br>&nbsp; En los fundamentos del proyecto, Macha se\u00f1al\u00f3 que &#8220;en la Argentina &#8220;existen normas para penalizar el acoso callejero, pero&nbsp;no para aquellos agravios que se producen en el \u00e1mbito laboral y acad\u00e9mico&#8221;.<br>&#8220;Argentina necesita que sea la propia ley la que proteja a las trabajadoras y a las estudiantes de situaciones que jam\u00e1s&nbsp;elegir\u00edan&#8221;, agreg\u00f3.<br>Destac\u00f3, al argumentar a favor de su propuesta, que &#8220;la violencia por acoso sexual en el contexto laboral y acad\u00e9mico es&nbsp;una modalidad de violencia generalizada desde a\u00f1os atr\u00e1s, tanto en la Argentina como en diversos pa\u00edses, y, a la vez, invisibilizada&nbsp;<br>por la sociedad, las instituciones y el sistema judicial. Se ha naturalizado y carece en nuestro pa\u00eds de abordaje legislativo&#8221;.<\/p>\n","protected":false},"excerpt":{"rendered":"<p>El proyecto presentado por M\u00f3nica Macha y respaldado por legisladores de diferente extracci\u00f3n pol\u00edtica, surgi\u00f3 luego de las denuncias de 19 mujeres contra el periodista Pedro Brieger. La C\u00e1mara de&hellip; <\/p>\n","protected":false},"author":4,"featured_media":170838,"comment_status":"closed","ping_status":"open","sticky":false,"template":"","format":"standard","meta":{"footnotes":""},"categories":[3],"tags":[],"class_list":["post-170837","post","type-post","status-publish","format-standard","has-post-thumbnail","hentry","category-politica"],"_links":{"self":[{"href":"https:\/\/corrientesdetarde.com\/index.php\/wp-json\/wp\/v2\/posts\/170837","targetHints":{"allow":["GET"]}}],"collection":[{"href":"https:\/\/corrientesdetarde.com\/index.php\/wp-json\/wp\/v2\/posts"}],"about":[{"href":"https:\/\/corrientesdetarde.com\/index.php\/wp-json\/wp\/v2\/types\/post"}],"author":[{"embeddable":true,"href":"https:\/\/corrientesdetarde.com\/index.php\/wp-json\/wp\/v2\/users\/4"}],"replies":[{"embeddable":true,"href":"https:\/\/corrientesdetarde.com\/index.php\/wp-json\/wp\/v2\/comments?post=170837"}],"version-history":[{"count":2,"href":"https:\/\/corrientesdetarde.com\/index.php\/wp-json\/wp\/v2\/posts\/170837\/revisions"}],"predecessor-version":[{"id":170840,"href":"https:\/\/corrientesdetarde.com\/index.php\/wp-json\/wp\/v2\/posts\/170837\/revisions\/170840"}],"wp:featuredmedia":[{"embeddable":true,"href":"https:\/\/corrientesdetarde.com\/index.php\/wp-json\/wp\/v2\/media\/170838"}],"wp:attachment":[{"href":"https:\/\/corrientesdetarde.com\/index.php\/wp-json\/wp\/v2\/media?parent=170837"}],"wp:term":[{"taxonomy":"category","embeddable":true,"href":"https:\/\/corrientesdetarde.com\/index.php\/wp-json\/wp\/v2\/categories?post=170837"},{"taxonomy":"post_tag","embeddable":true,"href":"https:\/\/corrientesdetarde.com\/index.php\/wp-json\/wp\/v2\/tags?post=170837"}],"curies":[{"name":"wp","href":"https:\/\/api.w.org\/{rel}","templated":true}]}}