{"id":170841,"date":"2024-11-05T21:58:00","date_gmt":"2024-11-06T00:58:00","guid":{"rendered":"https:\/\/corrientesdetarde.com\/?p=170841"},"modified":"2024-11-05T21:58:12","modified_gmt":"2024-11-06T00:58:12","slug":"auditorias-a-las-universidades-la-propuesta-de-pichetto-para-desactivar-el-conflicto-con-el-gobierno-y-el-mensaje-de-olmos","status":"publish","type":"post","link":"https:\/\/corrientesdetarde.com\/index.php\/politica\/auditorias-a-las-universidades-la-propuesta-de-pichetto-para-desactivar-el-conflicto-con-el-gobierno-y-el-mensaje-de-olmos\/","title":{"rendered":"Auditor\u00edas a las universidades: la propuesta de Pichetto para desactivar el conflicto con el Gobierno y el mensaje de Olmos"},"content":{"rendered":"\n<p>Arrancar\u00edan a partir del 1 de febrero del 2025 con el objetivo de tener el primer informe para agosto; el titular de la AGN present\u00f3 su plan anual con un dardo al oficialismo.<\/p>\n\n\n\n<p>El presidente de la Auditor\u00eda General de la Naci\u00f3n (AGN),\u00a0<strong>Juan Manuel Olmos<\/strong>, present\u00f3 hoy el plan de anual en el Congreso con el conflicto universitario en el centro de la discusi\u00f3n, tanto es as\u00ed que el presidente de la\u00a0comisi\u00f3n bicameral Revisora de Cuentas,\u00a0<strong>Miguel \u00c1ngel Pichetto<\/strong>, propuso que se inicien las auditor\u00edas con las principales facultades de la Universidad de Buenos Aires (UBA).\u00a0<\/p>\n\n\n\n<p>As\u00ed lo expres\u00f3 el diputado y l\u00edder de Encuentro Federal sobre el final del encuentro que se realiz\u00f3 en el Sal\u00f3n Azul del Senado de la Naci\u00f3n y que se extendi\u00f3 por m\u00e1s de una hora. All\u00ed, Pichetto revel\u00f3 que desde el rector de la UBA,&nbsp;<strong>Ricardo Gelpi<\/strong>, le envi\u00f3 una nota solicitando que la AGN d\u00e9 el puntapi\u00e9 inicial con las casas de altos estudios porte\u00f1as.&nbsp;<\/p>\n\n\n\n<p>Seg\u00fan el plan puesto a consideraci\u00f3n por Pichetto, que se votar\u00eda el martes de la pr\u00f3xima semana, seg\u00fan especific\u00f3 el legislador nacional,\u00a0<strong>arrancar\u00edan las aeuditor\u00edas a partir del 1 de febrero del 2025 con el objetivo de tener el primer informe para agosto o septiembre<\/strong>\u00a0del mismo a\u00f1o. Estar\u00eda a cargo de una comisi\u00f3n especial con los mejores cuadros de la AGN.\u00a0<\/p>\n\n\n\n<p>&#8220;<strong>La propuesta no es buscar si alguien se rob\u00f3 una partida, es ver c\u00f3mo est\u00e1&#8230; La propia autoridad quiere que la auditemos<\/strong>&#8220;, dijo el l\u00edder parlamentario. De tener luz verde la iniciativa, ser\u00edan las facultades de Ciencias Econ\u00f3micas, Derecho y Medicina de la UBA las que se someter\u00edan al escrutinio de la AGN.&nbsp;<\/p>\n\n\n\n<p>De esta manera, Pichetto busca mediar entre el conflicto desatado entre las universidades nacionales y gobierno del presidente&nbsp;<strong>Javier Milei<\/strong>, quien vet\u00f3 semanas atr\u00e1s la ley de financiamiento universitario con votos del PRO y un grupo min\u00fasculo de la&nbsp;<strong>Uni\u00f3n C\u00edvica Radical<\/strong>&nbsp;(UCR).&nbsp;<\/p>\n\n\n\n<p>El oficialismo busca que la&nbsp;<strong>Sindicatura General de la Naci\u00f3n<\/strong>&nbsp;(SIGEN) sea la encargada de auditar a las universidades nacionales, lo que gener\u00f3 un fuerte repudio de sectores pol\u00edticos ligados a la educaci\u00f3n, principalmente, de la UCR y el kirchnerismo, a tal punto de que el conflicto escal\u00f3 a la Justicia.&nbsp;<\/p>\n\n\n\n<p>En este contexto, uno de los se refiri\u00f3 al tema fue Olmos, alfil del peronismo, que dijo: &#8220;Vamos a hacer una respuesta al debate sobre la cuesti\u00f3n de la autonom\u00eda universitaria. Cada uno tiene su opini\u00f3n, pero lo m\u00e1s importante es lo que dice la constituci\u00f3n nacional, que le da autonom\u00eda y autarqu\u00eda financiera&#8221;.&nbsp;<\/p>\n\n\n\n<p>&#8220;Por lo tanto,&nbsp;<strong>la discusi\u00f3n seguir\u00e1 en los tribunales sobre el control interno, nosotros seguiremos con el control externo<\/strong>&#8220;, dijo Olmos ante la atenta mirada de los integrantes de la bicameral Revisora de Cuentas. Para el titular de la AGN, la discusi\u00f3n que propuso Milei tiene una &#8220;confusi\u00f3n de conceptos&#8221;.<\/p>\n\n\n\n<p>&#8220;<mark><strong>Una cosa es el control externo y no hay dudas que es la AGN<\/strong><\/mark>. Lo que se est\u00e1 hablando es del control interno, es decir, controles que haga la SIGEN que responde al Poder Ejecutivo. No vamos a entrar en esa pol\u00e9mica.&nbsp;<strong>S\u00ed vamos a considerar ampliar lo m\u00e1s que podamos el control sobre las universidades nacionales<\/strong>&#8220;, sintetiz\u00f3. &nbsp;<\/p>\n\n\n\n<p>La pr\u00f3xima reuni\u00f3n de la comisi\u00f3n ser\u00e1 el martes 12 a las 16:00 horas y ah\u00ed se definir\u00e1 el cronograma a seguir. M\u00e1s all\u00e1 del tema universitario, Olmos, en su presentaci\u00f3n del plan anual destac\u00f3 que la AGN pondr\u00e1 la lupa en 2025 sobre las compras en&nbsp;<strong>Defensa<\/strong>,&nbsp;<strong>Capital Humano<\/strong>,&nbsp;<strong>Cammesa<\/strong>.&nbsp;<\/p>\n","protected":false},"excerpt":{"rendered":"<p>Arrancar\u00edan a partir del 1 de febrero del 2025 con el objetivo de tener el primer informe para agosto; el titular de la AGN present\u00f3 su plan anual con un&hellip; <\/p>\n","protected":false},"author":4,"featured_media":170842,"comment_status":"closed","ping_status":"open","sticky":false,"template":"","format":"standard","meta":{"footnotes":""},"categories":[3],"tags":[],"class_list":["post-170841","post","type-post","status-publish","format-standard","has-post-thumbnail","hentry","category-politica"],"_links":{"self":[{"href":"https:\/\/corrientesdetarde.com\/index.php\/wp-json\/wp\/v2\/posts\/170841","targetHints":{"allow":["GET"]}}],"collection":[{"href":"https:\/\/corrientesdetarde.com\/index.php\/wp-json\/wp\/v2\/posts"}],"about":[{"href":"https:\/\/corrientesdetarde.com\/index.php\/wp-json\/wp\/v2\/types\/post"}],"author":[{"embeddable":true,"href":"https:\/\/corrientesdetarde.com\/index.php\/wp-json\/wp\/v2\/users\/4"}],"replies":[{"embeddable":true,"href":"https:\/\/corrientesdetarde.com\/index.php\/wp-json\/wp\/v2\/comments?post=170841"}],"version-history":[{"count":1,"href":"https:\/\/corrientesdetarde.com\/index.php\/wp-json\/wp\/v2\/posts\/170841\/revisions"}],"predecessor-version":[{"id":170843,"href":"https:\/\/corrientesdetarde.com\/index.php\/wp-json\/wp\/v2\/posts\/170841\/revisions\/170843"}],"wp:featuredmedia":[{"embeddable":true,"href":"https:\/\/corrientesdetarde.com\/index.php\/wp-json\/wp\/v2\/media\/170842"}],"wp:attachment":[{"href":"https:\/\/corrientesdetarde.com\/index.php\/wp-json\/wp\/v2\/media?parent=170841"}],"wp:term":[{"taxonomy":"category","embeddable":true,"href":"https:\/\/corrientesdetarde.com\/index.php\/wp-json\/wp\/v2\/categories?post=170841"},{"taxonomy":"post_tag","embeddable":true,"href":"https:\/\/corrientesdetarde.com\/index.php\/wp-json\/wp\/v2\/tags?post=170841"}],"curies":[{"name":"wp","href":"https:\/\/api.w.org\/{rel}","templated":true}]}}