{"id":170844,"date":"2024-11-05T22:19:08","date_gmt":"2024-11-06T01:19:08","guid":{"rendered":"https:\/\/corrientesdetarde.com\/?p=170844"},"modified":"2024-11-05T22:19:20","modified_gmt":"2024-11-06T01:19:20","slug":"la-junta-electoral-del-pj-proclamo-a-cristina-kirchner-como-presidenta-del-partido","status":"publish","type":"post","link":"https:\/\/corrientesdetarde.com\/index.php\/politica\/la-junta-electoral-del-pj-proclamo-a-cristina-kirchner-como-presidenta-del-partido\/","title":{"rendered":"La Junta Electoral del PJ proclam\u00f3 a Cristina Kirchner como presidenta del partido"},"content":{"rendered":"\n<p>La ex mandataria deber\u00e1 esperar hasta el 17 de noviembre para asumir formalmente el cargo.<\/p>\n\n\n\n<p>La Junta Electoral del PJ proclam\u00f3 esta tarde a la ex presidenta<strong>&nbsp;Cristina Kirchner&nbsp;<\/strong>como titular del Consejo Nacional del partido,&nbsp;despu\u00e9s de un proceso en el que la elecci\u00f3n interna hab\u00eda sido judicializada.&nbsp;&nbsp;<\/p>\n\n\n\n<p>Fern\u00e1ndez de Kirchner hab\u00eda quedado como candidata \u00fanica despu\u00e9s de que la Justicia Electoral hiciera lugar a la impugnaci\u00f3n de la lista del gobernador de La Rioja,&nbsp;<strong>Ricardo Quintela<\/strong>, por no reunir los avales necesarios para participar de esa compulsa.<\/p>\n\n\n\n<p>&nbsp;&#8220;La Junta Electoral del PJ resolvi\u00f3 en el d\u00eda de la fecha proclamar la lista \u00b4Primero la Patria\u00b4, encabezada por la compa\u00f1era Cristina Fern\u00e1ndez de Kirchner&#8221;, expres\u00f3 la Junta del PJ tras declarar a la ex mandataria como presidenta del partido.&nbsp;&nbsp;&nbsp;<\/p>\n\n\n\n<p>La resoluci\u00f3n que design\u00f3 a Cristina Kirchner como autoridad m\u00e1xima del PJ fue&nbsp;<strong>&#8220;aprobada con 13 votos positivos y un voto en disidencia&#8221;.&nbsp;&nbsp;<\/strong><\/p>\n\n\n\n<p>La ex mandataria hab\u00eda quedado como candidata \u00fanica despu\u00e9s de que la Justicia Electoral hiciera lugar a la impugnaci\u00f3n de la lista de Quintela por no reunir los avales necesarios para participar de esa compulsa.&nbsp;&nbsp;&nbsp;<\/p>\n\n\n\n<p>Desde &#8220;Federales, un grito de Coraz\u00f3n&#8221;, la facci\u00f3n que impulsaba la frustrada candidatura de Quintela, convocaron a la unidad al manifestar que el PJ&nbsp;<strong>&#8220;es m\u00e1s que una fuerza pol\u00edtica&#8221;<\/strong>, con lo que&nbsp;<strong>descartaron apelar ante la Justicia<\/strong>.&nbsp;&nbsp;&nbsp;<\/p>\n","protected":false},"excerpt":{"rendered":"<p>La ex mandataria deber\u00e1 esperar hasta el 17 de noviembre para asumir formalmente el cargo. La Junta Electoral del PJ proclam\u00f3 esta tarde a la ex presidenta&nbsp;Cristina Kirchner&nbsp;como titular del&hellip; <\/p>\n","protected":false},"author":4,"featured_media":170845,"comment_status":"closed","ping_status":"open","sticky":false,"template":"","format":"standard","meta":{"footnotes":""},"categories":[3],"tags":[],"class_list":["post-170844","post","type-post","status-publish","format-standard","has-post-thumbnail","hentry","category-politica"],"_links":{"self":[{"href":"https:\/\/corrientesdetarde.com\/index.php\/wp-json\/wp\/v2\/posts\/170844","targetHints":{"allow":["GET"]}}],"collection":[{"href":"https:\/\/corrientesdetarde.com\/index.php\/wp-json\/wp\/v2\/posts"}],"about":[{"href":"https:\/\/corrientesdetarde.com\/index.php\/wp-json\/wp\/v2\/types\/post"}],"author":[{"embeddable":true,"href":"https:\/\/corrientesdetarde.com\/index.php\/wp-json\/wp\/v2\/users\/4"}],"replies":[{"embeddable":true,"href":"https:\/\/corrientesdetarde.com\/index.php\/wp-json\/wp\/v2\/comments?post=170844"}],"version-history":[{"count":1,"href":"https:\/\/corrientesdetarde.com\/index.php\/wp-json\/wp\/v2\/posts\/170844\/revisions"}],"predecessor-version":[{"id":170846,"href":"https:\/\/corrientesdetarde.com\/index.php\/wp-json\/wp\/v2\/posts\/170844\/revisions\/170846"}],"wp:featuredmedia":[{"embeddable":true,"href":"https:\/\/corrientesdetarde.com\/index.php\/wp-json\/wp\/v2\/media\/170845"}],"wp:attachment":[{"href":"https:\/\/corrientesdetarde.com\/index.php\/wp-json\/wp\/v2\/media?parent=170844"}],"wp:term":[{"taxonomy":"category","embeddable":true,"href":"https:\/\/corrientesdetarde.com\/index.php\/wp-json\/wp\/v2\/categories?post=170844"},{"taxonomy":"post_tag","embeddable":true,"href":"https:\/\/corrientesdetarde.com\/index.php\/wp-json\/wp\/v2\/tags?post=170844"}],"curies":[{"name":"wp","href":"https:\/\/api.w.org\/{rel}","templated":true}]}}