{"id":17122,"date":"2022-11-04T23:58:34","date_gmt":"2022-11-05T02:58:34","guid":{"rendered":"https:\/\/corrientesdetarde.com\/?p=17122"},"modified":"2022-11-04T23:58:39","modified_gmt":"2022-11-05T02:58:39","slug":"un-correntino-murio-al-caer-con-su-camion-por-un-puente","status":"publish","type":"post","link":"https:\/\/corrientesdetarde.com\/index.php\/informacion-general\/un-correntino-murio-al-caer-con-su-camion-por-un-puente\/","title":{"rendered":"Un correntino muri\u00f3 al caer con su cami\u00f3n por un puente"},"content":{"rendered":"\n<p>Un siniestro vial ocurri\u00f3 en la tarde de este viernes en uno de los puentes ubicados sobre la Ruta 14, m\u00e1s precisamente en el kil\u00f3metro 299, en cercan\u00edas a la rotonda de Federaci\u00f3n.<\/p>\n\n\n\n<p>Por causas que se investigan, un cami\u00f3n Ford 1722 que transportaba madera, despist\u00f3, choc\u00f3 el guardarrail y cay\u00f3 del puente. El veh\u00edculo de gran porte termin\u00f3 destruido sobre las v\u00edas del ferrocarril.<\/p>\n\n\n\n<p>Como consecuencia del violento impacto, el conductor falleci\u00f3. La v\u00edctima ten\u00eda 23 a\u00f1os y oriundo de la localidad correntina de Mocoret\u00e1.<\/p>\n\n\n\n<p>En el lugar trabaj\u00f3 personal de Bomberos Voluntarios de Federaci\u00f3n, quienes intervinieron para sacar el cuerpo que qued\u00f3 atrapado en la cabina del cami\u00f3n.<\/p>\n\n\n\n<p>Por otra parte, desde el Puesto Caminero Paso Cerrito indicaron que el cami\u00f3n est\u00e1 radicado en Monte Caseros, Corrientes.<\/p>\n","protected":false},"excerpt":{"rendered":"<p>Un siniestro vial ocurri\u00f3 en la tarde de este viernes en uno de los puentes ubicados sobre la Ruta 14, m\u00e1s precisamente en el kil\u00f3metro 299, en cercan\u00edas a la&hellip; <\/p>\n","protected":false},"author":1,"featured_media":17128,"comment_status":"closed","ping_status":"open","sticky":false,"template":"","format":"standard","meta":{"footnotes":""},"categories":[1],"tags":[],"class_list":["post-17122","post","type-post","status-publish","format-standard","has-post-thumbnail","hentry","category-informacion-general"],"_links":{"self":[{"href":"https:\/\/corrientesdetarde.com\/index.php\/wp-json\/wp\/v2\/posts\/17122","targetHints":{"allow":["GET"]}}],"collection":[{"href":"https:\/\/corrientesdetarde.com\/index.php\/wp-json\/wp\/v2\/posts"}],"about":[{"href":"https:\/\/corrientesdetarde.com\/index.php\/wp-json\/wp\/v2\/types\/post"}],"author":[{"embeddable":true,"href":"https:\/\/corrientesdetarde.com\/index.php\/wp-json\/wp\/v2\/users\/1"}],"replies":[{"embeddable":true,"href":"https:\/\/corrientesdetarde.com\/index.php\/wp-json\/wp\/v2\/comments?post=17122"}],"version-history":[{"count":1,"href":"https:\/\/corrientesdetarde.com\/index.php\/wp-json\/wp\/v2\/posts\/17122\/revisions"}],"predecessor-version":[{"id":17130,"href":"https:\/\/corrientesdetarde.com\/index.php\/wp-json\/wp\/v2\/posts\/17122\/revisions\/17130"}],"wp:featuredmedia":[{"embeddable":true,"href":"https:\/\/corrientesdetarde.com\/index.php\/wp-json\/wp\/v2\/media\/17128"}],"wp:attachment":[{"href":"https:\/\/corrientesdetarde.com\/index.php\/wp-json\/wp\/v2\/media?parent=17122"}],"wp:term":[{"taxonomy":"category","embeddable":true,"href":"https:\/\/corrientesdetarde.com\/index.php\/wp-json\/wp\/v2\/categories?post=17122"},{"taxonomy":"post_tag","embeddable":true,"href":"https:\/\/corrientesdetarde.com\/index.php\/wp-json\/wp\/v2\/tags?post=17122"}],"curies":[{"name":"wp","href":"https:\/\/api.w.org\/{rel}","templated":true}]}}